{"id":8924,"date":"2026-04-26T10:03:14","date_gmt":"2026-04-26T08:03:14","guid":{"rendered":"https:\/\/futbolete.com\/murvi\/?p=8924"},"modified":"2026-04-26T10:03:14","modified_gmt":"2026-04-26T08:03:14","slug":"proyeccion-cola-2027-aumento-2","status":"publish","type":"post","link":"https:\/\/futbolete.com\/murvi\/actualidad\/proyeccion-cola-2027-aumento-2\/","title":{"rendered":"Seguro Social: Proyectan un bajo aumento del 2.8% para 2027"},"content":{"rendered":"<h2>Previsi\u00f3n del COLA para 2027 genera preocupaci\u00f3n<\/h2>\n<p>La m\u00e1s reciente previsi\u00f3n sobre el Ajuste por Costo de Vida (COLA) para los beneficiarios del <strong>Seguro Social<\/strong> no trae noticias alentadoras para quienes ya luchan contra la inflaci\u00f3n. Seg\u00fan <strong>The Senior Citizens League (TSCL)<\/strong>, una organizaci\u00f3n de defensa de los derechos de las personas mayores, el aumento para el a\u00f1o 2027 se estima en un 2.8%. Esta cifra, id\u00e9ntica a la de 2026, supondr\u00eda un incremento de apenas $56.60 en el cheque promedio de los trabajadores jubilados, que pasar\u00eda de $2,024 a $2,081 mensuales.<\/p>\n<p>Si esta proyecci\u00f3n se confirma, marcar\u00eda una tendencia de aumentos modestos en los \u00faltimos a\u00f1os. Este incremento del 2.8% contrasta notablemente con el pico reciente del 8.7% que se aplic\u00f3 para 2023, considerado el m\u00e1s alto en d\u00e9cadas. Para contextualizar, los beneficiarios recibieron un 2.5% de aumento en 2025 y un 3.2% en 2024. Para muchos, estos ajustes no son suficientes para mantener el poder adquisitivo frente al alza de precios, especialmente en productos b\u00e1sicos y energ\u00eda, como el <strong>petr\u00f3leo<\/strong>.<\/p>\n<h2>Una f\u00f3rmula de c\u00e1lculo cuestionada<\/h2>\n<p>El mecanismo para determinar el <strong>COLA<\/strong> anual es un punto de constante debate. El ajuste se basa en el incremento porcentual del \u00cdndice de Precios al Consumidor para Trabajadores Asalariados Urbanos y Personal Administrativo (CPI-W) durante el tercer trimestre del a\u00f1o (julio, agosto y septiembre). Esta cifra se compara con el mismo per\u00edodo del a\u00f1o anterior, y la diferencia resultante se convierte en el COLA para el a\u00f1o siguiente. Sin embargo, diversas organizaciones de defensa de los jubilados argumentan que esta f\u00f3rmula no refleja con precisi\u00f3n los gastos reales de las personas mayores, quienes dedican una mayor parte de sus ingresos a costos de salud y vivienda.<\/p>\n<p><strong>Shannon Benton<\/strong>, directora ejecutiva de TSCL, expres\u00f3 la inquietud generalizada. \u00abLos estadounidenses tienen raz\u00f3n en preocuparse por nuestra proyecci\u00f3n actual del COLA\u00bb, afirm\u00f3. Benton destac\u00f3 que la mayor\u00eda de los hogares de personas mayores subsisten con aproximadamente un 58% de los ingresos de los hogares en edad laboral, y que la percepci\u00f3n de una econom\u00eda d\u00e9bil es generalizada entre la clase media y trabajadora. Por ello, insiste en que cualquier reforma al <strong>Seguro Social<\/strong> debe abordar simult\u00e1neamente el fortalecimiento de los ingresos y de los beneficios.<\/p>\n<h2>El futuro del Seguro Social y las propuestas de reforma<\/h2>\n<p>M\u00e1s all\u00e1 del ajuste anual, el sistema del <strong>Seguro Social<\/strong> enfrenta un desaf\u00edo estructural a largo plazo. Los propios administradores del programa han advertido que, si el Congreso no toma medidas, los beneficios podr\u00edan sufrir un recorte generalizado de alrededor del 24% para el a\u00f1o 2032. Esta amenaza de insolvencia ha impulsado la discusi\u00f3n sobre varias propuestas de reforma para garantizar la viabilidad del programa.<\/p>\n<h3>H3: Propuesta 1: Limitar los beneficios m\u00e1s altos<\/h3>\n<p>Una de las soluciones planteadas proviene del <strong>Comit\u00e9 por un Presupuesto Federal Responsable<\/strong>. Su plan, conocido como \u00abL\u00edmite de Seis Cifras\u00bb, propone establecer un tope a los beneficios anuales de $50,000 por persona o $100,000 por pareja. Seg\u00fan la organizaci\u00f3n, esta medida podr\u00eda cerrar aproximadamente tres quintas partes del d\u00e9ficit proyectado del programa para los pr\u00f3ximos 75 a\u00f1os. Sin embargo, esta idea enfrenta una oposici\u00f3n masiva, principalmente por parte de los propios jubilados.<\/p>\n<p>La investigaci\u00f3n de <strong>The Senior Citizens League<\/strong> revela que un abrumador 95% de las personas mayores se opone a cualquier recorte de beneficios para los jubilados actuales, y un 66% tambi\u00e9n rechaza los recortes para futuros beneficiarios. Benton argumenta que en lugar de \u00abquitar beneficios a personas que han contribuido al sistema durante toda su vida laboral\u00bb, el enfoque deber\u00eda ser fortalecer el sistema de pensiones de Estados Unidos.<\/p>\n<h3>H3: Propuesta 2: Eliminar el tope de las contribuciones<\/h3>\n<p>Una alternativa que goza de un amplio respaldo entre los mayores es la eliminaci\u00f3n del l\u00edmite m\u00e1ximo de ingresos sujetos a impuestos del <strong>Seguro Social<\/strong>. Actualmente, los ingresos por encima de $184,500 no est\u00e1n sujetos a la retenci\u00f3n de este impuesto. Seg\u00fan la TSCL, el 77% de los jubilados apoya eliminar este tope, una medida que cuenta con el favor de dem\u00f3cratas, republicanos e independientes por igual. Este cambio, seg\u00fan el grupo, podr\u00eda extender la solvencia del <strong>Seguro Social<\/strong> al menos hasta el a\u00f1o 2090 sin necesidad de aplicar ning\u00fan recorte a los beneficios.<\/p>\n<p>&nbsp;<\/p>\n","protected":false},"excerpt":{"rendered":"<p>Previsi\u00f3n del COLA para 2027 genera preocupaci\u00f3n La m\u00e1s reciente previsi\u00f3n sobre el Ajuste por Costo de Vida (COLA) para los beneficiarios del Seguro Social no trae noticias alentadoras para quienes ya luchan contra la inflaci\u00f3n. Seg\u00fan The Senior Citizens League (TSCL), una organizaci\u00f3n de defensa de los derechos de las personas mayores, el aumento [&hellip;]<\/p>\n","protected":false},"author":1,"featured_media":8923,"comment_status":"closed","ping_status":"closed","sticky":false,"template":"","format":"standard","meta":{"_yoast_wpseo_focuskw":"","_yoast_wpseo_title":"Proyecci\u00f3n COLA 2027: Aumento del 2.8% para el Seguro Social","_yoast_wpseo_metadesc":"La \u00faltima proyecci\u00f3n del COLA para 2027 del Seguro Social es de un 2.8%, un aumento modesto que preocupa a los jubilados. Conoce las propuestas para reformar el sistema.","_yoast_wpseo_canonical":"","rank_math_title":"Proyecci\u00f3n COLA 2027: Aumento del 2.8% para el Seguro Social","rank_math_description":"La \u00faltima proyecci\u00f3n del COLA para 2027 del Seguro Social es de un 2.8%, un aumento modesto que preocupa a los jubilados. Conoce las propuestas para reformar el sistema.","rank_math_focus_keyword":"","rank_math_canonical_url":"","jnews-multi-image_gallery":[],"jnews_single_post":{"subtitle":"La previsi\u00f3n del COLA del Seguro Social genera inquietud entre los jubilados ante la persistente inflaci\u00f3n.","format":"standard","override":[{"template":"1","parallax":"1","fullscreen":"1","layout":"right-sidebar","sidebar":"default-sidebar","second_sidebar":"default-sidebar","sticky_sidebar":"1","share_position":"hide","share_float_style":"share-monocrhome","show_share_counter":"1","show_view_counter":"1","show_featured":"1","show_post_meta":"1","show_post_author":"1","show_post_date":"1","post_date_format":"custom","post_date_format_custom":"d\/m\/Y H:i","show_post_category":"1","show_post_reading_time":"0","post_reading_time_wpm":"300","post_calculate_word_method":"str_word_count","show_zoom_button":"0","zoom_button_out_step":"2","zoom_button_in_step":"3","show_post_tag":"1","show_comment_section":"1","number_popup_post":"1","show_author_box":"0","show_post_related":"1"}],"image_override":[{"single_post_thumbnail_size":"no-crop","single_post_gallery_size":"crop-715"}],"trending_post_position":"meta","trending_post_label":"Trending","sponsored_post_label":"Sponsored by","disable_ad":"0"},"jnews_primary_category":[],"footnotes":""},"categories":[2],"tags":[],"class_list":["post-8924","post","type-post","status-publish","format-standard","has-post-thumbnail","hentry","category-actualidad"],"yoast_head":"<!-- This site is optimized with the Yoast SEO Premium plugin v27.2 (Yoast SEO v27.3) - https:\/\/yoast.com\/product\/yoast-seo-premium-wordpress\/ -->\n<title>Proyecci\u00f3n COLA 2027: Aumento del 2.8% para el Seguro Social<\/title>\n<meta name=\"description\" content=\"La \u00faltima proyecci\u00f3n del COLA para 2027 del Seguro Social es de un 2.8%, un aumento modesto que preocupa a los jubilados. Conoce las propuestas para reformar el sistema.\" \/>\n<meta name=\"robots\" content=\"index, follow, max-snippet:-1, max-image-preview:large, max-video-preview:-1\" \/>\n<link rel=\"canonical\" href=\"https:\/\/futbolete.com\/murvi\/actualidad\/proyeccion-cola-2027-aumento-2\/\" \/>\n<meta property=\"og:locale\" content=\"es_ES\" \/>\n<meta property=\"og:type\" content=\"article\" \/>\n<meta property=\"og:title\" content=\"Seguro Social: Proyectan un bajo aumento del 2.8% para 2027\" \/>\n<meta property=\"og:description\" content=\"La \u00faltima proyecci\u00f3n del COLA para 2027 del Seguro Social es de un 2.8%, un aumento modesto que preocupa a los jubilados. Conoce las propuestas para reformar el sistema.\" \/>\n<meta property=\"og:url\" content=\"https:\/\/futbolete.com\/murvi\/actualidad\/proyeccion-cola-2027-aumento-2\/\" \/>\n<meta property=\"og:site_name\" content=\"MURVI\" \/>\n<meta property=\"article:publisher\" content=\"https:\/\/www.facebook.com\/futbolete\/\" \/>\n<meta property=\"article:published_time\" content=\"2026-04-26T08:03:14+00:00\" \/>\n<meta property=\"og:image\" content=\"https:\/\/futbolete.com\/murvi\/wp-content\/uploads\/2026\/04\/proyeccion-cola-2027-aumento-2.webp\" \/>\n\t<meta property=\"og:image:width\" content=\"1280\" \/>\n\t<meta property=\"og:image:height\" content=\"720\" \/>\n\t<meta property=\"og:image:type\" content=\"image\/webp\" \/>\n<meta name=\"author\" content=\"MURVI\" \/>\n<meta name=\"twitter:card\" content=\"summary_large_image\" \/>\n<meta name=\"twitter:label1\" content=\"Escrito por\" \/>\n\t<meta name=\"twitter:data1\" content=\"MURVI\" \/>\n\t<meta name=\"twitter:label2\" content=\"Tiempo de lectura\" \/>\n\t<meta name=\"twitter:data2\" content=\"4 minutos\" \/>\n<script type=\"application\/ld+json\" class=\"yoast-schema-graph\">{\"@context\":\"https:\\\/\\\/schema.org\",\"@graph\":[{\"@type\":\"NewsArticle\",\"@id\":\"https:\\\/\\\/futbolete.com\\\/murvi\\\/actualidad\\\/proyeccion-cola-2027-aumento-2\\\/#article\",\"isPartOf\":{\"@id\":\"https:\\\/\\\/futbolete.com\\\/murvi\\\/actualidad\\\/proyeccion-cola-2027-aumento-2\\\/\"},\"author\":{\"name\":\"MURVI\",\"@id\":\"https:\\\/\\\/futbolete.com\\\/murvi\\\/#\\\/schema\\\/person\\\/2acef0f16e91ce3188772c6f9d70813a\"},\"headline\":\"Seguro Social: Proyectan un bajo aumento del 2.8% para 2027\",\"datePublished\":\"2026-04-26T08:03:14+00:00\",\"mainEntityOfPage\":{\"@id\":\"https:\\\/\\\/futbolete.com\\\/murvi\\\/actualidad\\\/proyeccion-cola-2027-aumento-2\\\/\"},\"wordCount\":742,\"publisher\":{\"@id\":\"https:\\\/\\\/futbolete.com\\\/murvi\\\/#organization\"},\"image\":{\"@id\":\"https:\\\/\\\/futbolete.com\\\/murvi\\\/actualidad\\\/proyeccion-cola-2027-aumento-2\\\/#primaryimage\"},\"thumbnailUrl\":\"https:\\\/\\\/futbolete.com\\\/murvi\\\/wp-content\\\/uploads\\\/2026\\\/04\\\/proyeccion-cola-2027-aumento-2.webp\",\"articleSection\":[\"Actualidad\"],\"inLanguage\":\"es\"},{\"@type\":\"WebPage\",\"@id\":\"https:\\\/\\\/futbolete.com\\\/murvi\\\/actualidad\\\/proyeccion-cola-2027-aumento-2\\\/\",\"url\":\"https:\\\/\\\/futbolete.com\\\/murvi\\\/actualidad\\\/proyeccion-cola-2027-aumento-2\\\/\",\"name\":\"Proyecci\u00f3n COLA 2027: Aumento del 2.8% para el Seguro Social\",\"isPartOf\":{\"@id\":\"https:\\\/\\\/futbolete.com\\\/murvi\\\/#website\"},\"primaryImageOfPage\":{\"@id\":\"https:\\\/\\\/futbolete.com\\\/murvi\\\/actualidad\\\/proyeccion-cola-2027-aumento-2\\\/#primaryimage\"},\"image\":{\"@id\":\"https:\\\/\\\/futbolete.com\\\/murvi\\\/actualidad\\\/proyeccion-cola-2027-aumento-2\\\/#primaryimage\"},\"thumbnailUrl\":\"https:\\\/\\\/futbolete.com\\\/murvi\\\/wp-content\\\/uploads\\\/2026\\\/04\\\/proyeccion-cola-2027-aumento-2.webp\",\"datePublished\":\"2026-04-26T08:03:14+00:00\",\"description\":\"La \u00faltima proyecci\u00f3n del COLA para 2027 del Seguro Social es de un 2.8%, un aumento modesto que preocupa a los jubilados. Conoce las propuestas para reformar el sistema.\",\"breadcrumb\":{\"@id\":\"https:\\\/\\\/futbolete.com\\\/murvi\\\/actualidad\\\/proyeccion-cola-2027-aumento-2\\\/#breadcrumb\"},\"inLanguage\":\"es\",\"potentialAction\":[{\"@type\":\"ReadAction\",\"target\":[\"https:\\\/\\\/futbolete.com\\\/murvi\\\/actualidad\\\/proyeccion-cola-2027-aumento-2\\\/\"]}]},{\"@type\":\"ImageObject\",\"inLanguage\":\"es\",\"@id\":\"https:\\\/\\\/futbolete.com\\\/murvi\\\/actualidad\\\/proyeccion-cola-2027-aumento-2\\\/#primaryimage\",\"url\":\"https:\\\/\\\/futbolete.com\\\/murvi\\\/wp-content\\\/uploads\\\/2026\\\/04\\\/proyeccion-cola-2027-aumento-2.webp\",\"contentUrl\":\"https:\\\/\\\/futbolete.com\\\/murvi\\\/wp-content\\\/uploads\\\/2026\\\/04\\\/proyeccion-cola-2027-aumento-2.webp\",\"width\":1280,\"height\":720,\"caption\":\"Proyecci\u00f3n COLA 2027: Aumento del 2.8% para el Seguro Social\"},{\"@type\":\"BreadcrumbList\",\"@id\":\"https:\\\/\\\/futbolete.com\\\/murvi\\\/actualidad\\\/proyeccion-cola-2027-aumento-2\\\/#breadcrumb\",\"itemListElement\":[{\"@type\":\"ListItem\",\"position\":1,\"name\":\"Portada\",\"item\":\"https:\\\/\\\/futbolete.com\\\/murvi\\\/\"},{\"@type\":\"ListItem\",\"position\":2,\"name\":\"Seguro Social: Proyectan un bajo aumento del 2.8% para 2027\"}]},{\"@type\":\"WebSite\",\"@id\":\"https:\\\/\\\/futbolete.com\\\/murvi\\\/#website\",\"url\":\"https:\\\/\\\/futbolete.com\\\/murvi\\\/\",\"name\":\"Futbolete\",\"description\":\"\",\"publisher\":{\"@id\":\"https:\\\/\\\/futbolete.com\\\/murvi\\\/#organization\"},\"alternateName\":\"MURVI\",\"potentialAction\":[{\"@type\":\"SearchAction\",\"target\":{\"@type\":\"EntryPoint\",\"urlTemplate\":\"https:\\\/\\\/futbolete.com\\\/murvi\\\/?s={search_term_string}\"},\"query-input\":{\"@type\":\"PropertyValueSpecification\",\"valueRequired\":true,\"valueName\":\"search_term_string\"}}],\"inLanguage\":\"es\"},{\"@type\":\"Organization\",\"@id\":\"https:\\\/\\\/futbolete.com\\\/murvi\\\/#organization\",\"name\":\"Futbolete\",\"url\":\"https:\\\/\\\/futbolete.com\\\/murvi\\\/\",\"logo\":{\"@type\":\"ImageObject\",\"inLanguage\":\"es\",\"@id\":\"https:\\\/\\\/futbolete.com\\\/murvi\\\/#\\\/schema\\\/logo\\\/image\\\/\",\"url\":\"https:\\\/\\\/futbolete.com\\\/murvi\\\/wp-content\\\/uploads\\\/2024\\\/10\\\/FAVICON-1-1.png\",\"contentUrl\":\"https:\\\/\\\/futbolete.com\\\/murvi\\\/wp-content\\\/uploads\\\/2024\\\/10\\\/FAVICON-1-1.png\",\"width\":512,\"height\":512,\"caption\":\"Futbolete\"},\"image\":{\"@id\":\"https:\\\/\\\/futbolete.com\\\/murvi\\\/#\\\/schema\\\/logo\\\/image\\\/\"},\"sameAs\":[\"https:\\\/\\\/www.facebook.com\\\/futbolete\\\/\"]},{\"@type\":\"Person\",\"@id\":\"https:\\\/\\\/futbolete.com\\\/murvi\\\/#\\\/schema\\\/person\\\/2acef0f16e91ce3188772c6f9d70813a\",\"name\":\"MURVI\",\"description\":\"Somos un grupo de periodistas especializados en tem\u00e1ticas del Seguro Social, IRS, SNAP y otras ayudas de Estados Unidos.\",\"url\":\"https:\\\/\\\/futbolete.com\\\/murvi\\\/author\\\/murvi\\\/\"}]}<\/script>\n<!-- \/ Yoast SEO Premium plugin. -->","yoast_head_json":{"title":"Proyecci\u00f3n COLA 2027: Aumento del 2.8% para el Seguro Social","description":"La \u00faltima proyecci\u00f3n del COLA para 2027 del Seguro Social es de un 2.8%, un aumento modesto que preocupa a los jubilados. Conoce las propuestas para reformar el sistema.","robots":{"index":"index","follow":"follow","max-snippet":"max-snippet:-1","max-image-preview":"max-image-preview:large","max-video-preview":"max-video-preview:-1"},"canonical":"https:\/\/futbolete.com\/murvi\/actualidad\/proyeccion-cola-2027-aumento-2\/","og_locale":"es_ES","og_type":"article","og_title":"Seguro Social: Proyectan un bajo aumento del 2.8% para 2027","og_description":"La \u00faltima proyecci\u00f3n del COLA para 2027 del Seguro Social es de un 2.8%, un aumento modesto que preocupa a los jubilados. Conoce las propuestas para reformar el sistema.","og_url":"https:\/\/futbolete.com\/murvi\/actualidad\/proyeccion-cola-2027-aumento-2\/","og_site_name":"MURVI","article_publisher":"https:\/\/www.facebook.com\/futbolete\/","article_published_time":"2026-04-26T08:03:14+00:00","og_image":[{"width":1280,"height":720,"url":"https:\/\/futbolete.com\/murvi\/wp-content\/uploads\/2026\/04\/proyeccion-cola-2027-aumento-2.webp","type":"image\/webp"}],"author":"MURVI","twitter_card":"summary_large_image","twitter_misc":{"Escrito por":"MURVI","Tiempo de lectura":"4 minutos"},"schema":{"@context":"https:\/\/schema.org","@graph":[{"@type":"NewsArticle","@id":"https:\/\/futbolete.com\/murvi\/actualidad\/proyeccion-cola-2027-aumento-2\/#article","isPartOf":{"@id":"https:\/\/futbolete.com\/murvi\/actualidad\/proyeccion-cola-2027-aumento-2\/"},"author":{"name":"MURVI","@id":"https:\/\/futbolete.com\/murvi\/#\/schema\/person\/2acef0f16e91ce3188772c6f9d70813a"},"headline":"Seguro Social: Proyectan un bajo aumento del 2.8% para 2027","datePublished":"2026-04-26T08:03:14+00:00","mainEntityOfPage":{"@id":"https:\/\/futbolete.com\/murvi\/actualidad\/proyeccion-cola-2027-aumento-2\/"},"wordCount":742,"publisher":{"@id":"https:\/\/futbolete.com\/murvi\/#organization"},"image":{"@id":"https:\/\/futbolete.com\/murvi\/actualidad\/proyeccion-cola-2027-aumento-2\/#primaryimage"},"thumbnailUrl":"https:\/\/futbolete.com\/murvi\/wp-content\/uploads\/2026\/04\/proyeccion-cola-2027-aumento-2.webp","articleSection":["Actualidad"],"inLanguage":"es"},{"@type":"WebPage","@id":"https:\/\/futbolete.com\/murvi\/actualidad\/proyeccion-cola-2027-aumento-2\/","url":"https:\/\/futbolete.com\/murvi\/actualidad\/proyeccion-cola-2027-aumento-2\/","name":"Proyecci\u00f3n COLA 2027: Aumento del 2.8% para el Seguro Social","isPartOf":{"@id":"https:\/\/futbolete.com\/murvi\/#website"},"primaryImageOfPage":{"@id":"https:\/\/futbolete.com\/murvi\/actualidad\/proyeccion-cola-2027-aumento-2\/#primaryimage"},"image":{"@id":"https:\/\/futbolete.com\/murvi\/actualidad\/proyeccion-cola-2027-aumento-2\/#primaryimage"},"thumbnailUrl":"https:\/\/futbolete.com\/murvi\/wp-content\/uploads\/2026\/04\/proyeccion-cola-2027-aumento-2.webp","datePublished":"2026-04-26T08:03:14+00:00","description":"La \u00faltima proyecci\u00f3n del COLA para 2027 del Seguro Social es de un 2.8%, un aumento modesto que preocupa a los jubilados. Conoce las propuestas para reformar el sistema.","breadcrumb":{"@id":"https:\/\/futbolete.com\/murvi\/actualidad\/proyeccion-cola-2027-aumento-2\/#breadcrumb"},"inLanguage":"es","potentialAction":[{"@type":"ReadAction","target":["https:\/\/futbolete.com\/murvi\/actualidad\/proyeccion-cola-2027-aumento-2\/"]}]},{"@type":"ImageObject","inLanguage":"es","@id":"https:\/\/futbolete.com\/murvi\/actualidad\/proyeccion-cola-2027-aumento-2\/#primaryimage","url":"https:\/\/futbolete.com\/murvi\/wp-content\/uploads\/2026\/04\/proyeccion-cola-2027-aumento-2.webp","contentUrl":"https:\/\/futbolete.com\/murvi\/wp-content\/uploads\/2026\/04\/proyeccion-cola-2027-aumento-2.webp","width":1280,"height":720,"caption":"Proyecci\u00f3n COLA 2027: Aumento del 2.8% para el Seguro Social"},{"@type":"BreadcrumbList","@id":"https:\/\/futbolete.com\/murvi\/actualidad\/proyeccion-cola-2027-aumento-2\/#breadcrumb","itemListElement":[{"@type":"ListItem","position":1,"name":"Portada","item":"https:\/\/futbolete.com\/murvi\/"},{"@type":"ListItem","position":2,"name":"Seguro Social: Proyectan un bajo aumento del 2.8% para 2027"}]},{"@type":"WebSite","@id":"https:\/\/futbolete.com\/murvi\/#website","url":"https:\/\/futbolete.com\/murvi\/","name":"Futbolete","description":"","publisher":{"@id":"https:\/\/futbolete.com\/murvi\/#organization"},"alternateName":"MURVI","potentialAction":[{"@type":"SearchAction","target":{"@type":"EntryPoint","urlTemplate":"https:\/\/futbolete.com\/murvi\/?s={search_term_string}"},"query-input":{"@type":"PropertyValueSpecification","valueRequired":true,"valueName":"search_term_string"}}],"inLanguage":"es"},{"@type":"Organization","@id":"https:\/\/futbolete.com\/murvi\/#organization","name":"Futbolete","url":"https:\/\/futbolete.com\/murvi\/","logo":{"@type":"ImageObject","inLanguage":"es","@id":"https:\/\/futbolete.com\/murvi\/#\/schema\/logo\/image\/","url":"https:\/\/futbolete.com\/murvi\/wp-content\/uploads\/2024\/10\/FAVICON-1-1.png","contentUrl":"https:\/\/futbolete.com\/murvi\/wp-content\/uploads\/2024\/10\/FAVICON-1-1.png","width":512,"height":512,"caption":"Futbolete"},"image":{"@id":"https:\/\/futbolete.com\/murvi\/#\/schema\/logo\/image\/"},"sameAs":["https:\/\/www.facebook.com\/futbolete\/"]},{"@type":"Person","@id":"https:\/\/futbolete.com\/murvi\/#\/schema\/person\/2acef0f16e91ce3188772c6f9d70813a","name":"MURVI","description":"Somos un grupo de periodistas especializados en tem\u00e1ticas del Seguro Social, IRS, SNAP y otras ayudas de Estados Unidos.","url":"https:\/\/futbolete.com\/murvi\/author\/murvi\/"}]}},"_links":{"self":[{"href":"https:\/\/futbolete.com\/murvi\/wp-json\/wp\/v2\/posts\/8924","targetHints":{"allow":["GET"]}}],"collection":[{"href":"https:\/\/futbolete.com\/murvi\/wp-json\/wp\/v2\/posts"}],"about":[{"href":"https:\/\/futbolete.com\/murvi\/wp-json\/wp\/v2\/types\/post"}],"author":[{"embeddable":true,"href":"https:\/\/futbolete.com\/murvi\/wp-json\/wp\/v2\/users\/1"}],"replies":[{"embeddable":true,"href":"https:\/\/futbolete.com\/murvi\/wp-json\/wp\/v2\/comments?post=8924"}],"version-history":[{"count":2,"href":"https:\/\/futbolete.com\/murvi\/wp-json\/wp\/v2\/posts\/8924\/revisions"}],"predecessor-version":[{"id":8944,"href":"https:\/\/futbolete.com\/murvi\/wp-json\/wp\/v2\/posts\/8924\/revisions\/8944"}],"wp:featuredmedia":[{"embeddable":true,"href":"https:\/\/futbolete.com\/murvi\/wp-json\/wp\/v2\/media\/8923"}],"wp:attachment":[{"href":"https:\/\/futbolete.com\/murvi\/wp-json\/wp\/v2\/media?parent=8924"}],"wp:term":[{"taxonomy":"category","embeddable":true,"href":"https:\/\/futbolete.com\/murvi\/wp-json\/wp\/v2\/categories?post=8924"},{"taxonomy":"post_tag","embeddable":true,"href":"https:\/\/futbolete.com\/murvi\/wp-json\/wp\/v2\/tags?post=8924"}],"curies":[{"name":"wp","href":"https:\/\/api.w.org\/{rel}","templated":true}]}}