{"id":8582,"date":"2026-03-17T20:10:19","date_gmt":"2026-03-17T19:10:19","guid":{"rendered":"https:\/\/futbolete.com\/murvi\/?p=8582"},"modified":"2026-03-17T20:10:19","modified_gmt":"2026-03-17T19:10:19","slug":"pagos-seguro-social-esta-semana-18-marzo","status":"publish","type":"post","link":"https:\/\/futbolete.com\/murvi\/actualidad\/pagos-seguro-social-esta-semana-18-marzo\/","title":{"rendered":"Pagos de Seguro Social esta semana: qui\u00e9n cobra el 18 de marzo y qu\u00e9 dice el nuevo reporte del Congreso sobre el futuro del programa"},"content":{"rendered":"<p><strong>Esta semana llega la segunda ronda de pagos del Seguro Social de marzo<\/strong>. Los beneficiarios elegibles recibir\u00e1n su dep\u00f3sito el mi\u00e9rcoles 18 de marzo, siguiendo el calendario habitual de la Administraci\u00f3n del Seguro Social (SSA). Al mismo tiempo, un nuevo reporte del <strong>Congreso enciende las alarmas sobre la estabilidad financiera del programa a largo plazo<\/strong>.<\/p>\n<p>Quienes cobran al mismo tiempo <strong>Seguro Social y el Ingreso de Seguridad Suplementario (SSI) tienen un calendario distinto<\/strong>. El pago del Seguro Social llega el d\u00eda 3 del mes. El SSI llega el primer d\u00eda del mes, aunque si ese d\u00eda cae en domingo o feriado, el dep\u00f3sito se adelanta al viernes anterior. En marzo, por ejemplo, el 1 de marzo <strong>fue domingo, por lo que el pago de SSI se envi\u00f3 el viernes 27 de febrero<\/strong>.<\/p>\n<h2>Qui\u00e9n recibe su pago del Seguro Social esta semana<\/h2>\n<p>El mi\u00e9rcoles 18 de marzo corresponde a los beneficiarios cuya fecha de nacimiento cae entre el d\u00eda 11 y el 20 de cualquier mes. Este grupo recibe su pago el tercer mi\u00e9rcoles del mes, seg\u00fan el calendario oficial de la SSA.<\/p>\n<p>El esquema completo de pagos mensuales funciona as\u00ed:<\/p>\n<ul>\n<li><strong>Nacidos entre el 1 y el 10: cobran el segundo mi\u00e9rcoles del mes<\/strong><\/li>\n<li><strong>Nacidos entre el 11 y el 20: cobran el tercer mi\u00e9rcoles del mes<\/strong><\/li>\n<li><strong>Nacidos despu\u00e9s del d\u00eda 20: cobran el cuarto mi\u00e9rcoles del mes<\/strong><\/li>\n<\/ul>\n<p>Hay una excepci\u00f3n importante. Las personas que comenzaron a recibir Seguro Social antes de mayo de 1997 no siguen este esquema: su pago llega el d\u00eda 3 de cada mes, a menos que ese d\u00eda caiga en fin de semana o feriado.<\/p>\n<h2>Calendario completo de pagos SSI para el resto de 2026<\/h2>\n<p>Estas son las fechas confirmadas seg\u00fan la SSA:<\/p>\n<ul>\n<li><strong>Mi\u00e9rcoles 1 de abril<\/strong><\/li>\n<li><strong>Viernes 1 de mayo<\/strong><\/li>\n<li><strong>Lunes 1 de junio<\/strong><\/li>\n<li><strong>Mi\u00e9rcoles 1 de julio<\/strong><\/li>\n<li><strong>Viernes 31 de julio (pago de agosto)<\/strong><\/li>\n<li><strong>Martes 1 de septiembre<\/strong><\/li>\n<li><strong>Jueves 1 de octubre<\/strong><\/li>\n<li><strong>Viernes 30 de octubre (pago de noviembre)<\/strong><\/li>\n<li><strong>Martes 1 de diciembre<\/strong><\/li>\n<li><strong>Jueves 31 de diciembre (pago de enero 2027)<\/strong><\/li>\n<\/ul>\n<h2>La advertencia que nadie quiere escuchar<\/h2>\n<p>Mientras los pagos siguen su curso normal, una se\u00f1al de alerta aparece en el horizonte. <strong>La Oficina de Presupuesto del Congreso public\u00f3 un reporte que proyecta que el fondo principal del Seguro Social podr\u00eda agotarse en septiembre de 2032<\/strong>, un a\u00f1o antes de lo que estimaban los c\u00e1lculos anteriores, que apuntaban a 2033.<\/p>\n<p><strong>Agotar el fondo no significa que los pagos se detengan de golpe<\/strong>. El programa seguir\u00eda enviando cheques, pero los beneficios podr\u00edan reducirse de manera autom\u00e1tica si el Congreso no act\u00faa antes de esa fecha.<\/p>\n<h2>Qu\u00e9 significa esto para los beneficiarios actuales<\/h2>\n<p>Por ahora, los pagos de marzo llegan sin cambios ni interrupciones. <strong>Pero el reporte del Congreso a\u00f1ade presi\u00f3n a un debate pol\u00edtico que lleva a\u00f1os sin resolverse<\/strong>: c\u00f3mo garantizar la solvencia del Seguro Social sin recortar beneficios ni subir impuestos.<\/p>\n<p>Para los millones de personas que dependen de estos pagos como su principal fuente de ingresos, <strong>la fecha de 2032 no es un dato abstracto<\/strong>. Es una cuenta regresiva que el Congreso todav\u00eda tiene tiempo de detener.<\/p>\n","protected":false},"excerpt":{"rendered":"<p>Esta semana llega la segunda ronda de pagos del Seguro Social de marzo. Los beneficiarios elegibles recibir\u00e1n su dep\u00f3sito el mi\u00e9rcoles 18 de marzo, siguiendo el calendario habitual de la Administraci\u00f3n del Seguro Social (SSA). Al mismo tiempo, un nuevo reporte del Congreso enciende las alarmas sobre la estabilidad financiera del programa a largo plazo. [&hellip;]<\/p>\n","protected":false},"author":5,"featured_media":8583,"comment_status":"closed","ping_status":"closed","sticky":false,"template":"","format":"standard","meta":{"_yoast_wpseo_focuskw":"","_yoast_wpseo_title":"","_yoast_wpseo_metadesc":"","_yoast_wpseo_canonical":"","rank_math_title":"","rank_math_description":"","rank_math_focus_keyword":"","rank_math_canonical_url":"","jnews-multi-image_gallery":[],"jnews_single_post":{"format":"standard","override":[{"template":"1","parallax":"1","fullscreen":"1","layout":"right-sidebar","sidebar":"default-sidebar","second_sidebar":"default-sidebar","sticky_sidebar":"1","share_position":"hide","share_float_style":"share-monocrhome","show_share_counter":"1","show_view_counter":"1","show_featured":"1","show_post_meta":"1","show_post_author":"1","show_post_date":"1","post_date_format":"custom","post_date_format_custom":"d\/m\/Y H:i","show_post_category":"1","show_post_reading_time":"0","post_reading_time_wpm":"300","post_calculate_word_method":"str_word_count","show_zoom_button":"0","zoom_button_out_step":"2","zoom_button_in_step":"3","show_post_tag":"1","number_popup_post":"1","show_author_box":"0","show_post_related":"1"}],"image_override":[{"single_post_thumbnail_size":"no-crop","single_post_gallery_size":"crop-715"}],"trending_post_position":"meta","trending_post_label":"Trending","sponsored_post_label":"Sponsored by","disable_ad":"0","subtitle":"Seguro Social marzo 2026: fechas de pago esta semana"},"jnews_primary_category":[],"footnotes":""},"categories":[2],"tags":[164],"class_list":["post-8582","post","type-post","status-publish","format-standard","has-post-thumbnail","hentry","category-actualidad","tag-seguro-social"],"yoast_head":"<!-- This site is optimized with the Yoast SEO Premium plugin v27.2 (Yoast SEO v27.3) - https:\/\/yoast.com\/product\/yoast-seo-premium-wordpress\/ -->\n<title>Pagos de Seguro Social esta semana: qui\u00e9n cobra el 18 de marzo y qu\u00e9 dice el nuevo reporte del Congreso sobre el futuro del programa<\/title>\n<meta name=\"robots\" content=\"index, follow, max-snippet:-1, max-image-preview:large, max-video-preview:-1\" \/>\n<link rel=\"canonical\" href=\"https:\/\/futbolete.com\/murvi\/actualidad\/pagos-seguro-social-esta-semana-18-marzo\/\" \/>\n<meta property=\"og:locale\" content=\"es_ES\" \/>\n<meta property=\"og:type\" content=\"article\" \/>\n<meta property=\"og:title\" content=\"Pagos de Seguro Social esta semana: qui\u00e9n cobra el 18 de marzo y qu\u00e9 dice el nuevo reporte del Congreso sobre el futuro del programa\" \/>\n<meta property=\"og:description\" content=\"Esta semana llega la segunda ronda de pagos del Seguro Social de marzo. Los beneficiarios elegibles recibir\u00e1n su dep\u00f3sito el mi\u00e9rcoles 18 de marzo, siguiendo el calendario habitual de la Administraci\u00f3n del Seguro Social (SSA). Al mismo tiempo, un nuevo reporte del Congreso enciende las alarmas sobre la estabilidad financiera del programa a largo plazo. [&hellip;]\" \/>\n<meta property=\"og:url\" content=\"https:\/\/futbolete.com\/murvi\/actualidad\/pagos-seguro-social-esta-semana-18-marzo\/\" \/>\n<meta property=\"og:site_name\" content=\"MURVI\" \/>\n<meta property=\"article:publisher\" content=\"https:\/\/www.facebook.com\/futbolete\/\" \/>\n<meta property=\"article:published_time\" content=\"2026-03-17T19:10:19+00:00\" \/>\n<meta property=\"og:image\" content=\"https:\/\/futbolete.com\/murvi\/wp-content\/uploads\/2026\/03\/Pagos-del-Seguro-Social-esta-semana.jpg\" \/>\n\t<meta property=\"og:image:width\" content=\"1800\" \/>\n\t<meta property=\"og:image:height\" content=\"1013\" \/>\n\t<meta property=\"og:image:type\" content=\"image\/jpeg\" \/>\n<meta name=\"author\" content=\"Nvindi\" \/>\n<meta name=\"twitter:card\" content=\"summary_large_image\" \/>\n<meta name=\"twitter:creator\" content=\"@fran@tododisca.com\" \/>\n<meta name=\"twitter:label1\" content=\"Escrito por\" \/>\n\t<meta name=\"twitter:data1\" content=\"Nvindi\" \/>\n\t<meta name=\"twitter:label2\" content=\"Tiempo de lectura\" \/>\n\t<meta name=\"twitter:data2\" content=\"3 minutos\" \/>\n<script type=\"application\/ld+json\" class=\"yoast-schema-graph\">{\"@context\":\"https:\\\/\\\/schema.org\",\"@graph\":[{\"@type\":\"NewsArticle\",\"@id\":\"https:\\\/\\\/futbolete.com\\\/murvi\\\/actualidad\\\/pagos-seguro-social-esta-semana-18-marzo\\\/#article\",\"isPartOf\":{\"@id\":\"https:\\\/\\\/futbolete.com\\\/murvi\\\/actualidad\\\/pagos-seguro-social-esta-semana-18-marzo\\\/\"},\"author\":{\"name\":\"Nvindi\",\"@id\":\"https:\\\/\\\/futbolete.com\\\/murvi\\\/#\\\/schema\\\/person\\\/02553c505978e0f13c2e4f39862b7199\"},\"headline\":\"Pagos de Seguro Social esta semana: qui\u00e9n cobra el 18 de marzo y qu\u00e9 dice el nuevo reporte del Congreso sobre el futuro del programa\",\"datePublished\":\"2026-03-17T19:10:19+00:00\",\"mainEntityOfPage\":{\"@id\":\"https:\\\/\\\/futbolete.com\\\/murvi\\\/actualidad\\\/pagos-seguro-social-esta-semana-18-marzo\\\/\"},\"wordCount\":548,\"publisher\":{\"@id\":\"https:\\\/\\\/futbolete.com\\\/murvi\\\/#organization\"},\"image\":{\"@id\":\"https:\\\/\\\/futbolete.com\\\/murvi\\\/actualidad\\\/pagos-seguro-social-esta-semana-18-marzo\\\/#primaryimage\"},\"thumbnailUrl\":\"https:\\\/\\\/futbolete.com\\\/murvi\\\/wp-content\\\/uploads\\\/2026\\\/03\\\/Pagos-del-Seguro-Social-esta-semana.jpg\",\"keywords\":[\"Seguro Social\"],\"articleSection\":[\"Actualidad\"],\"inLanguage\":\"es\"},{\"@type\":\"WebPage\",\"@id\":\"https:\\\/\\\/futbolete.com\\\/murvi\\\/actualidad\\\/pagos-seguro-social-esta-semana-18-marzo\\\/\",\"url\":\"https:\\\/\\\/futbolete.com\\\/murvi\\\/actualidad\\\/pagos-seguro-social-esta-semana-18-marzo\\\/\",\"name\":\"Pagos de Seguro Social esta semana: qui\u00e9n cobra el 18 de marzo y qu\u00e9 dice el nuevo reporte del Congreso sobre el futuro del programa\",\"isPartOf\":{\"@id\":\"https:\\\/\\\/futbolete.com\\\/murvi\\\/#website\"},\"primaryImageOfPage\":{\"@id\":\"https:\\\/\\\/futbolete.com\\\/murvi\\\/actualidad\\\/pagos-seguro-social-esta-semana-18-marzo\\\/#primaryimage\"},\"image\":{\"@id\":\"https:\\\/\\\/futbolete.com\\\/murvi\\\/actualidad\\\/pagos-seguro-social-esta-semana-18-marzo\\\/#primaryimage\"},\"thumbnailUrl\":\"https:\\\/\\\/futbolete.com\\\/murvi\\\/wp-content\\\/uploads\\\/2026\\\/03\\\/Pagos-del-Seguro-Social-esta-semana.jpg\",\"datePublished\":\"2026-03-17T19:10:19+00:00\",\"breadcrumb\":{\"@id\":\"https:\\\/\\\/futbolete.com\\\/murvi\\\/actualidad\\\/pagos-seguro-social-esta-semana-18-marzo\\\/#breadcrumb\"},\"inLanguage\":\"es\",\"potentialAction\":[{\"@type\":\"ReadAction\",\"target\":[\"https:\\\/\\\/futbolete.com\\\/murvi\\\/actualidad\\\/pagos-seguro-social-esta-semana-18-marzo\\\/\"]}]},{\"@type\":\"ImageObject\",\"inLanguage\":\"es\",\"@id\":\"https:\\\/\\\/futbolete.com\\\/murvi\\\/actualidad\\\/pagos-seguro-social-esta-semana-18-marzo\\\/#primaryimage\",\"url\":\"https:\\\/\\\/futbolete.com\\\/murvi\\\/wp-content\\\/uploads\\\/2026\\\/03\\\/Pagos-del-Seguro-Social-esta-semana.jpg\",\"contentUrl\":\"https:\\\/\\\/futbolete.com\\\/murvi\\\/wp-content\\\/uploads\\\/2026\\\/03\\\/Pagos-del-Seguro-Social-esta-semana.jpg\",\"width\":1800,\"height\":1013,\"caption\":\"Pagos del Seguro Social esta semana\"},{\"@type\":\"BreadcrumbList\",\"@id\":\"https:\\\/\\\/futbolete.com\\\/murvi\\\/actualidad\\\/pagos-seguro-social-esta-semana-18-marzo\\\/#breadcrumb\",\"itemListElement\":[{\"@type\":\"ListItem\",\"position\":1,\"name\":\"Portada\",\"item\":\"https:\\\/\\\/futbolete.com\\\/murvi\\\/\"},{\"@type\":\"ListItem\",\"position\":2,\"name\":\"Pagos de Seguro Social esta semana: qui\u00e9n cobra el 18 de marzo y qu\u00e9 dice el nuevo reporte del Congreso sobre el futuro del programa\"}]},{\"@type\":\"WebSite\",\"@id\":\"https:\\\/\\\/futbolete.com\\\/murvi\\\/#website\",\"url\":\"https:\\\/\\\/futbolete.com\\\/murvi\\\/\",\"name\":\"Futbolete\",\"description\":\"\",\"publisher\":{\"@id\":\"https:\\\/\\\/futbolete.com\\\/murvi\\\/#organization\"},\"alternateName\":\"MURVI\",\"potentialAction\":[{\"@type\":\"SearchAction\",\"target\":{\"@type\":\"EntryPoint\",\"urlTemplate\":\"https:\\\/\\\/futbolete.com\\\/murvi\\\/?s={search_term_string}\"},\"query-input\":{\"@type\":\"PropertyValueSpecification\",\"valueRequired\":true,\"valueName\":\"search_term_string\"}}],\"inLanguage\":\"es\"},{\"@type\":\"Organization\",\"@id\":\"https:\\\/\\\/futbolete.com\\\/murvi\\\/#organization\",\"name\":\"Futbolete\",\"url\":\"https:\\\/\\\/futbolete.com\\\/murvi\\\/\",\"logo\":{\"@type\":\"ImageObject\",\"inLanguage\":\"es\",\"@id\":\"https:\\\/\\\/futbolete.com\\\/murvi\\\/#\\\/schema\\\/logo\\\/image\\\/\",\"url\":\"https:\\\/\\\/futbolete.com\\\/murvi\\\/wp-content\\\/uploads\\\/2024\\\/10\\\/FAVICON-1-1.png\",\"contentUrl\":\"https:\\\/\\\/futbolete.com\\\/murvi\\\/wp-content\\\/uploads\\\/2024\\\/10\\\/FAVICON-1-1.png\",\"width\":512,\"height\":512,\"caption\":\"Futbolete\"},\"image\":{\"@id\":\"https:\\\/\\\/futbolete.com\\\/murvi\\\/#\\\/schema\\\/logo\\\/image\\\/\"},\"sameAs\":[\"https:\\\/\\\/www.facebook.com\\\/futbolete\\\/\"]},{\"@type\":\"Person\",\"@id\":\"https:\\\/\\\/futbolete.com\\\/murvi\\\/#\\\/schema\\\/person\\\/02553c505978e0f13c2e4f39862b7199\",\"name\":\"Nvindi\",\"description\":\"Licenciado en Ciencias de la Comunicaci\u00f3n UPV 1998 - Periodista, redactor de contenidos desde 2008. Especializado en temas como econom\u00eda, hogar, seguros, fiscalidad y tendencias. He colaborado en redes de blogs como FinancialRed, Bolsaman\u00eda, Bolsa24, SinComisiones, entre muchos otros. Toda esta experiencia a lo largo de los a\u00f1os hablando de la actividad financiera me convierte en una persona con grandes conocimientos en temas de finanzas personales que el usuario de a pie busca como seguridad social, fiscalidad, hacienda y noticias de consumo.\",\"sameAs\":[\"https:\\\/\\\/x.com\\\/fran@tododisca.com\"],\"url\":\"https:\\\/\\\/futbolete.com\\\/murvi\\\/author\\\/nvindi\\\/\"}]}<\/script>\n<!-- \/ Yoast SEO Premium plugin. -->","yoast_head_json":{"title":"Pagos de Seguro Social esta semana: qui\u00e9n cobra el 18 de marzo y qu\u00e9 dice el nuevo reporte del Congreso sobre el futuro del programa","robots":{"index":"index","follow":"follow","max-snippet":"max-snippet:-1","max-image-preview":"max-image-preview:large","max-video-preview":"max-video-preview:-1"},"canonical":"https:\/\/futbolete.com\/murvi\/actualidad\/pagos-seguro-social-esta-semana-18-marzo\/","og_locale":"es_ES","og_type":"article","og_title":"Pagos de Seguro Social esta semana: qui\u00e9n cobra el 18 de marzo y qu\u00e9 dice el nuevo reporte del Congreso sobre el futuro del programa","og_description":"Esta semana llega la segunda ronda de pagos del Seguro Social de marzo. Los beneficiarios elegibles recibir\u00e1n su dep\u00f3sito el mi\u00e9rcoles 18 de marzo, siguiendo el calendario habitual de la Administraci\u00f3n del Seguro Social (SSA). Al mismo tiempo, un nuevo reporte del Congreso enciende las alarmas sobre la estabilidad financiera del programa a largo plazo. [&hellip;]","og_url":"https:\/\/futbolete.com\/murvi\/actualidad\/pagos-seguro-social-esta-semana-18-marzo\/","og_site_name":"MURVI","article_publisher":"https:\/\/www.facebook.com\/futbolete\/","article_published_time":"2026-03-17T19:10:19+00:00","og_image":[{"width":1800,"height":1013,"url":"https:\/\/futbolete.com\/murvi\/wp-content\/uploads\/2026\/03\/Pagos-del-Seguro-Social-esta-semana.jpg","type":"image\/jpeg"}],"author":"Nvindi","twitter_card":"summary_large_image","twitter_creator":"@fran@tododisca.com","twitter_misc":{"Escrito por":"Nvindi","Tiempo de lectura":"3 minutos"},"schema":{"@context":"https:\/\/schema.org","@graph":[{"@type":"NewsArticle","@id":"https:\/\/futbolete.com\/murvi\/actualidad\/pagos-seguro-social-esta-semana-18-marzo\/#article","isPartOf":{"@id":"https:\/\/futbolete.com\/murvi\/actualidad\/pagos-seguro-social-esta-semana-18-marzo\/"},"author":{"name":"Nvindi","@id":"https:\/\/futbolete.com\/murvi\/#\/schema\/person\/02553c505978e0f13c2e4f39862b7199"},"headline":"Pagos de Seguro Social esta semana: qui\u00e9n cobra el 18 de marzo y qu\u00e9 dice el nuevo reporte del Congreso sobre el futuro del programa","datePublished":"2026-03-17T19:10:19+00:00","mainEntityOfPage":{"@id":"https:\/\/futbolete.com\/murvi\/actualidad\/pagos-seguro-social-esta-semana-18-marzo\/"},"wordCount":548,"publisher":{"@id":"https:\/\/futbolete.com\/murvi\/#organization"},"image":{"@id":"https:\/\/futbolete.com\/murvi\/actualidad\/pagos-seguro-social-esta-semana-18-marzo\/#primaryimage"},"thumbnailUrl":"https:\/\/futbolete.com\/murvi\/wp-content\/uploads\/2026\/03\/Pagos-del-Seguro-Social-esta-semana.jpg","keywords":["Seguro Social"],"articleSection":["Actualidad"],"inLanguage":"es"},{"@type":"WebPage","@id":"https:\/\/futbolete.com\/murvi\/actualidad\/pagos-seguro-social-esta-semana-18-marzo\/","url":"https:\/\/futbolete.com\/murvi\/actualidad\/pagos-seguro-social-esta-semana-18-marzo\/","name":"Pagos de Seguro Social esta semana: qui\u00e9n cobra el 18 de marzo y qu\u00e9 dice el nuevo reporte del Congreso sobre el futuro del programa","isPartOf":{"@id":"https:\/\/futbolete.com\/murvi\/#website"},"primaryImageOfPage":{"@id":"https:\/\/futbolete.com\/murvi\/actualidad\/pagos-seguro-social-esta-semana-18-marzo\/#primaryimage"},"image":{"@id":"https:\/\/futbolete.com\/murvi\/actualidad\/pagos-seguro-social-esta-semana-18-marzo\/#primaryimage"},"thumbnailUrl":"https:\/\/futbolete.com\/murvi\/wp-content\/uploads\/2026\/03\/Pagos-del-Seguro-Social-esta-semana.jpg","datePublished":"2026-03-17T19:10:19+00:00","breadcrumb":{"@id":"https:\/\/futbolete.com\/murvi\/actualidad\/pagos-seguro-social-esta-semana-18-marzo\/#breadcrumb"},"inLanguage":"es","potentialAction":[{"@type":"ReadAction","target":["https:\/\/futbolete.com\/murvi\/actualidad\/pagos-seguro-social-esta-semana-18-marzo\/"]}]},{"@type":"ImageObject","inLanguage":"es","@id":"https:\/\/futbolete.com\/murvi\/actualidad\/pagos-seguro-social-esta-semana-18-marzo\/#primaryimage","url":"https:\/\/futbolete.com\/murvi\/wp-content\/uploads\/2026\/03\/Pagos-del-Seguro-Social-esta-semana.jpg","contentUrl":"https:\/\/futbolete.com\/murvi\/wp-content\/uploads\/2026\/03\/Pagos-del-Seguro-Social-esta-semana.jpg","width":1800,"height":1013,"caption":"Pagos del Seguro Social esta semana"},{"@type":"BreadcrumbList","@id":"https:\/\/futbolete.com\/murvi\/actualidad\/pagos-seguro-social-esta-semana-18-marzo\/#breadcrumb","itemListElement":[{"@type":"ListItem","position":1,"name":"Portada","item":"https:\/\/futbolete.com\/murvi\/"},{"@type":"ListItem","position":2,"name":"Pagos de Seguro Social esta semana: qui\u00e9n cobra el 18 de marzo y qu\u00e9 dice el nuevo reporte del Congreso sobre el futuro del programa"}]},{"@type":"WebSite","@id":"https:\/\/futbolete.com\/murvi\/#website","url":"https:\/\/futbolete.com\/murvi\/","name":"Futbolete","description":"","publisher":{"@id":"https:\/\/futbolete.com\/murvi\/#organization"},"alternateName":"MURVI","potentialAction":[{"@type":"SearchAction","target":{"@type":"EntryPoint","urlTemplate":"https:\/\/futbolete.com\/murvi\/?s={search_term_string}"},"query-input":{"@type":"PropertyValueSpecification","valueRequired":true,"valueName":"search_term_string"}}],"inLanguage":"es"},{"@type":"Organization","@id":"https:\/\/futbolete.com\/murvi\/#organization","name":"Futbolete","url":"https:\/\/futbolete.com\/murvi\/","logo":{"@type":"ImageObject","inLanguage":"es","@id":"https:\/\/futbolete.com\/murvi\/#\/schema\/logo\/image\/","url":"https:\/\/futbolete.com\/murvi\/wp-content\/uploads\/2024\/10\/FAVICON-1-1.png","contentUrl":"https:\/\/futbolete.com\/murvi\/wp-content\/uploads\/2024\/10\/FAVICON-1-1.png","width":512,"height":512,"caption":"Futbolete"},"image":{"@id":"https:\/\/futbolete.com\/murvi\/#\/schema\/logo\/image\/"},"sameAs":["https:\/\/www.facebook.com\/futbolete\/"]},{"@type":"Person","@id":"https:\/\/futbolete.com\/murvi\/#\/schema\/person\/02553c505978e0f13c2e4f39862b7199","name":"Nvindi","description":"Licenciado en Ciencias de la Comunicaci\u00f3n UPV 1998 - Periodista, redactor de contenidos desde 2008. Especializado en temas como econom\u00eda, hogar, seguros, fiscalidad y tendencias. He colaborado en redes de blogs como FinancialRed, Bolsaman\u00eda, Bolsa24, SinComisiones, entre muchos otros. Toda esta experiencia a lo largo de los a\u00f1os hablando de la actividad financiera me convierte en una persona con grandes conocimientos en temas de finanzas personales que el usuario de a pie busca como seguridad social, fiscalidad, hacienda y noticias de consumo.","sameAs":["https:\/\/x.com\/fran@tododisca.com"],"url":"https:\/\/futbolete.com\/murvi\/author\/nvindi\/"}]}},"_links":{"self":[{"href":"https:\/\/futbolete.com\/murvi\/wp-json\/wp\/v2\/posts\/8582","targetHints":{"allow":["GET"]}}],"collection":[{"href":"https:\/\/futbolete.com\/murvi\/wp-json\/wp\/v2\/posts"}],"about":[{"href":"https:\/\/futbolete.com\/murvi\/wp-json\/wp\/v2\/types\/post"}],"author":[{"embeddable":true,"href":"https:\/\/futbolete.com\/murvi\/wp-json\/wp\/v2\/users\/5"}],"replies":[{"embeddable":true,"href":"https:\/\/futbolete.com\/murvi\/wp-json\/wp\/v2\/comments?post=8582"}],"version-history":[{"count":1,"href":"https:\/\/futbolete.com\/murvi\/wp-json\/wp\/v2\/posts\/8582\/revisions"}],"predecessor-version":[{"id":8584,"href":"https:\/\/futbolete.com\/murvi\/wp-json\/wp\/v2\/posts\/8582\/revisions\/8584"}],"wp:featuredmedia":[{"embeddable":true,"href":"https:\/\/futbolete.com\/murvi\/wp-json\/wp\/v2\/media\/8583"}],"wp:attachment":[{"href":"https:\/\/futbolete.com\/murvi\/wp-json\/wp\/v2\/media?parent=8582"}],"wp:term":[{"taxonomy":"category","embeddable":true,"href":"https:\/\/futbolete.com\/murvi\/wp-json\/wp\/v2\/categories?post=8582"},{"taxonomy":"post_tag","embeddable":true,"href":"https:\/\/futbolete.com\/murvi\/wp-json\/wp\/v2\/tags?post=8582"}],"curies":[{"name":"wp","href":"https:\/\/api.w.org\/{rel}","templated":true}]}}