{"id":8567,"date":"2026-03-16T16:47:17","date_gmt":"2026-03-16T15:47:17","guid":{"rendered":"https:\/\/futbolete.com\/murvi\/?p=8567"},"modified":"2026-03-16T16:47:17","modified_gmt":"2026-03-16T15:47:17","slug":"cerebro-cuando-ves-imagenes-guerra","status":"publish","type":"post","link":"https:\/\/futbolete.com\/murvi\/actualidad\/cerebro-cuando-ves-imagenes-guerra\/","title":{"rendered":"Hemos preguntado a varios psiquiatras qu\u00e9 le pasa al cerebro cuando ves im\u00e1genes de la guerra y su respuesta cambia c\u00f3mo consumes las noticias"},"content":{"rendered":"<p>Gaza, Ucrania, Sud\u00e1n. <strong>Las guerras de hoy no ocurren solo en el terreno: llegan al tel\u00e9fono en tiempo real, con una brutalidad visual que no tiene precedentes hist\u00f3ricos<\/strong>. Y el cerebro humano, dise\u00f1ado para otro mundo, no sabe muy bien qu\u00e9 hacer con eso.<\/p>\n<p><strong>Los psiquiatras llevan meses advirtiendo de algo que millones de personas sienten pero pocos saben nombrar<\/strong>. Ver im\u00e1genes de guerra activa en el sistema nervioso exactamente los mismos mecanismos que activar\u00eda una amenaza f\u00edsica real. No es una met\u00e1fora. Es neurolog\u00eda.<\/p>\n<h2>Tu cerebro no sabe que est\u00e1s en el sof\u00e1<\/h2>\n<p>Cuando <strong>el ojo recibe una imagen de violencia extrema, el cerebro no la archiva como \u00abinformaci\u00f3n\u00bb<\/strong>. Las neuronas espejo se disparan como si la situaci\u00f3n nos estuviera ocurriendo a nosotros. La am\u00edgdala entra en alerta. El cortisol sube. El cuerpo se prepara para un peligro que, f\u00edsicamente, no existe, pero que el cerebro no procesa como ficticio. Esa es la paradoja: sabes que est\u00e1s en casa, pero tu sistema nervioso no.<\/p>\n<p>Lo que agrava el efecto es la incertidumbre. <strong>La neuropsic\u00f3loga Aurora Garc\u00eda Moreno explicaba hace apenas unos d\u00edas que el cerebro sufre m\u00e1s por no saber qu\u00e9 va a ocurrir que por la certeza de un hecho negativo.<\/strong><\/p>\n<p><strong>Ver im\u00e1genes sin contexto, como pasa continuamente en redes sociales, multiplica ese da\u00f1o<\/strong>. El cerebro busca una respuesta, no la encuentra, y entra en un estado de hipervigilancia que se manifiesta como insomnio, dificultad para concentrarse y una fatiga mental que cuesta identificar. Mucha gente lo atribuye al trabajo, al estr\u00e9s cotidiano, sin relacionarlo con las dos horas de scroll que hizo la noche anterior.<\/p>\n<h2>Cuanta m\u00e1s exposici\u00f3n, menos empat\u00eda<\/h2>\n<p><strong>El problema no es solo la primera imagen<\/strong>. Es la acumulaci\u00f3n. La neurociencia ha documentado que la exposici\u00f3n continua a im\u00e1genes violentas reduce progresivamente la actividad en las \u00e1reas cerebrales vinculadas a la empat\u00eda. <strong>El psic\u00f3logo Brad Bushman lo ha estudiado durante a\u00f1os: ante cada nueva tragedia, la respuesta emocional disminuye<\/strong>.<\/p>\n<p>No porque la persona sea insensible, sino porque el sistema nervioso activa un mecanismo de defensa. Se llama desensibilizaci\u00f3n, y explica exactamente por qu\u00e9 las mismas im\u00e1genes que en 2023 paralizaban a la gente hoy apenas generan una pausa antes de seguir haciendo scroll.<\/p>\n<p>Hay otro efecto que los especialistas se\u00f1alan con preocupaci\u00f3n y que casi nadie menciona: las im\u00e1genes se quedan. <strong>No como recuerdo consciente, sino como intrusi\u00f3n involuntaria<\/strong>. Escenas que reaparecen solas, sin aviso, en mitad de una conversaci\u00f3n o justo antes de dormir. En casos sostenidos en el tiempo, este patr\u00f3n puede derivar en s\u00edntomas compatibles con estr\u00e9s postraum\u00e1tico, incluso en personas sin ning\u00fan v\u00ednculo directo con el conflicto.<\/p>\n<h2>Qu\u00e9 dice la psiquiatr\u00eda que puedes hacer<\/h2>\n<p><strong>Frente a todo esto, los especialistas no recomiendan la desconexi\u00f3n total, que tambi\u00e9n tiene un coste en t\u00e9rminos de conciencia c\u00edvica<\/strong>. Lo que recomiendan es exposici\u00f3n dosificada y con contexto: limitar el tiempo de consumo de noticias, evitar las redes antes de dormir, priorizar medios que ofrezcan an\u00e1lisis sobre impacto visual.<\/p>\n<p>Y algo m\u00e1s dif\u00edcil pero fundamental: <strong>recuperar la sensaci\u00f3n de control<\/strong> sobre el propio entorno informativo, que es precisamente lo primero que las im\u00e1genes de guerra arrebatan.<\/p>\n<p>En 2026, con al menos tres conflictos armados de alta intensidad activos y cubiertos en tiempo real, la salud mental frente a la informaci\u00f3n b\u00e9lica ha dejado de ser un tema secundario. Lo que le pasa a tu cerebro cuando ves esas im\u00e1genes no es debilidad ni exageraci\u00f3n. Es biolog\u00eda. Y entenderlo es el \u00fanico punto de partida razonable para gestionarlo.<\/p>\n","protected":false},"excerpt":{"rendered":"<p>Gaza, Ucrania, Sud\u00e1n. Las guerras de hoy no ocurren solo en el terreno: llegan al tel\u00e9fono en tiempo real, con una brutalidad visual que no tiene precedentes hist\u00f3ricos. Y el cerebro humano, dise\u00f1ado para otro mundo, no sabe muy bien qu\u00e9 hacer con eso. Los psiquiatras llevan meses advirtiendo de algo que millones de personas [&hellip;]<\/p>\n","protected":false},"author":5,"featured_media":8569,"comment_status":"closed","ping_status":"closed","sticky":false,"template":"","format":"standard","meta":{"_yoast_wpseo_focuskw":"","_yoast_wpseo_title":"","_yoast_wpseo_metadesc":"","_yoast_wpseo_canonical":"","rank_math_title":"","rank_math_description":"","rank_math_focus_keyword":"","rank_math_canonical_url":"","jnews-multi-image_gallery":[],"jnews_single_post":{"format":"standard","override":[{"template":"1","parallax":"1","fullscreen":"1","layout":"right-sidebar","sidebar":"default-sidebar","second_sidebar":"default-sidebar","sticky_sidebar":"1","share_position":"hide","share_float_style":"share-monocrhome","show_share_counter":"1","show_view_counter":"1","show_featured":"1","show_post_meta":"1","show_post_author":"1","show_post_date":"1","post_date_format":"custom","post_date_format_custom":"d\/m\/Y H:i","show_post_category":"1","show_post_reading_time":"0","post_reading_time_wpm":"300","post_calculate_word_method":"str_word_count","show_zoom_button":"0","zoom_button_out_step":"2","zoom_button_in_step":"3","show_post_tag":"1","number_popup_post":"1","show_author_box":"0","show_post_related":"1"}],"image_override":[{"single_post_thumbnail_size":"no-crop","single_post_gallery_size":"crop-715"}],"trending_post_position":"meta","trending_post_label":"Trending","sponsored_post_label":"Sponsored by","disable_ad":"0","subtitle":"Por qu\u00e9 las im\u00e1genes de guerra te afectan aunque est\u00e9s a miles de kil\u00f3metros del frente"},"jnews_primary_category":[],"footnotes":""},"categories":[2],"tags":[171],"class_list":["post-8567","post","type-post","status-publish","format-standard","has-post-thumbnail","hentry","category-actualidad","tag-psicologia"],"yoast_head":"<!-- This site is optimized with the Yoast SEO Premium plugin v27.2 (Yoast SEO v27.3) - https:\/\/yoast.com\/product\/yoast-seo-premium-wordpress\/ -->\n<title>Hemos preguntado a varios psiquiatras qu\u00e9 le pasa al cerebro cuando ves im\u00e1genes de la guerra y su respuesta cambia c\u00f3mo consumes las noticias<\/title>\n<meta name=\"robots\" content=\"index, follow, max-snippet:-1, max-image-preview:large, max-video-preview:-1\" \/>\n<link rel=\"canonical\" href=\"https:\/\/futbolete.com\/murvi\/actualidad\/cerebro-cuando-ves-imagenes-guerra\/\" \/>\n<meta property=\"og:locale\" content=\"es_ES\" \/>\n<meta property=\"og:type\" content=\"article\" \/>\n<meta property=\"og:title\" content=\"Hemos preguntado a varios psiquiatras qu\u00e9 le pasa al cerebro cuando ves im\u00e1genes de la guerra y su respuesta cambia c\u00f3mo consumes las noticias\" \/>\n<meta property=\"og:description\" content=\"Gaza, Ucrania, Sud\u00e1n. Las guerras de hoy no ocurren solo en el terreno: llegan al tel\u00e9fono en tiempo real, con una brutalidad visual que no tiene precedentes hist\u00f3ricos. Y el cerebro humano, dise\u00f1ado para otro mundo, no sabe muy bien qu\u00e9 hacer con eso. Los psiquiatras llevan meses advirtiendo de algo que millones de personas [&hellip;]\" \/>\n<meta property=\"og:url\" content=\"https:\/\/futbolete.com\/murvi\/actualidad\/cerebro-cuando-ves-imagenes-guerra\/\" \/>\n<meta property=\"og:site_name\" content=\"MURVI\" \/>\n<meta property=\"article:publisher\" content=\"https:\/\/www.facebook.com\/futbolete\/\" \/>\n<meta property=\"article:published_time\" content=\"2026-03-16T15:47:17+00:00\" \/>\n<meta property=\"og:image\" content=\"https:\/\/futbolete.com\/murvi\/wp-content\/uploads\/2026\/03\/Cerebro-guerra-salud-mental.jpg\" \/>\n\t<meta property=\"og:image:width\" content=\"1800\" \/>\n\t<meta property=\"og:image:height\" content=\"1013\" \/>\n\t<meta property=\"og:image:type\" content=\"image\/jpeg\" \/>\n<meta name=\"author\" content=\"Nvindi\" \/>\n<meta name=\"twitter:card\" content=\"summary_large_image\" \/>\n<meta name=\"twitter:creator\" content=\"@fran@tododisca.com\" \/>\n<meta name=\"twitter:label1\" content=\"Escrito por\" \/>\n\t<meta name=\"twitter:data1\" content=\"Nvindi\" \/>\n\t<meta name=\"twitter:label2\" content=\"Tiempo de lectura\" \/>\n\t<meta name=\"twitter:data2\" content=\"3 minutos\" \/>\n<script type=\"application\/ld+json\" class=\"yoast-schema-graph\">{\"@context\":\"https:\\\/\\\/schema.org\",\"@graph\":[{\"@type\":\"NewsArticle\",\"@id\":\"https:\\\/\\\/futbolete.com\\\/murvi\\\/actualidad\\\/cerebro-cuando-ves-imagenes-guerra\\\/#article\",\"isPartOf\":{\"@id\":\"https:\\\/\\\/futbolete.com\\\/murvi\\\/actualidad\\\/cerebro-cuando-ves-imagenes-guerra\\\/\"},\"author\":{\"name\":\"Nvindi\",\"@id\":\"https:\\\/\\\/futbolete.com\\\/murvi\\\/#\\\/schema\\\/person\\\/02553c505978e0f13c2e4f39862b7199\"},\"headline\":\"Hemos preguntado a varios psiquiatras qu\u00e9 le pasa al cerebro cuando ves im\u00e1genes de la guerra y su respuesta cambia c\u00f3mo consumes las noticias\",\"datePublished\":\"2026-03-16T15:47:17+00:00\",\"mainEntityOfPage\":{\"@id\":\"https:\\\/\\\/futbolete.com\\\/murvi\\\/actualidad\\\/cerebro-cuando-ves-imagenes-guerra\\\/\"},\"wordCount\":666,\"publisher\":{\"@id\":\"https:\\\/\\\/futbolete.com\\\/murvi\\\/#organization\"},\"image\":{\"@id\":\"https:\\\/\\\/futbolete.com\\\/murvi\\\/actualidad\\\/cerebro-cuando-ves-imagenes-guerra\\\/#primaryimage\"},\"thumbnailUrl\":\"https:\\\/\\\/futbolete.com\\\/murvi\\\/wp-content\\\/uploads\\\/2026\\\/03\\\/Cerebro-guerra-salud-mental.jpg\",\"keywords\":[\"psicologia\"],\"articleSection\":[\"Actualidad\"],\"inLanguage\":\"es\"},{\"@type\":\"WebPage\",\"@id\":\"https:\\\/\\\/futbolete.com\\\/murvi\\\/actualidad\\\/cerebro-cuando-ves-imagenes-guerra\\\/\",\"url\":\"https:\\\/\\\/futbolete.com\\\/murvi\\\/actualidad\\\/cerebro-cuando-ves-imagenes-guerra\\\/\",\"name\":\"Hemos preguntado a varios psiquiatras qu\u00e9 le pasa al cerebro cuando ves im\u00e1genes de la guerra y su respuesta cambia c\u00f3mo consumes las noticias\",\"isPartOf\":{\"@id\":\"https:\\\/\\\/futbolete.com\\\/murvi\\\/#website\"},\"primaryImageOfPage\":{\"@id\":\"https:\\\/\\\/futbolete.com\\\/murvi\\\/actualidad\\\/cerebro-cuando-ves-imagenes-guerra\\\/#primaryimage\"},\"image\":{\"@id\":\"https:\\\/\\\/futbolete.com\\\/murvi\\\/actualidad\\\/cerebro-cuando-ves-imagenes-guerra\\\/#primaryimage\"},\"thumbnailUrl\":\"https:\\\/\\\/futbolete.com\\\/murvi\\\/wp-content\\\/uploads\\\/2026\\\/03\\\/Cerebro-guerra-salud-mental.jpg\",\"datePublished\":\"2026-03-16T15:47:17+00:00\",\"breadcrumb\":{\"@id\":\"https:\\\/\\\/futbolete.com\\\/murvi\\\/actualidad\\\/cerebro-cuando-ves-imagenes-guerra\\\/#breadcrumb\"},\"inLanguage\":\"es\",\"potentialAction\":[{\"@type\":\"ReadAction\",\"target\":[\"https:\\\/\\\/futbolete.com\\\/murvi\\\/actualidad\\\/cerebro-cuando-ves-imagenes-guerra\\\/\"]}]},{\"@type\":\"ImageObject\",\"inLanguage\":\"es\",\"@id\":\"https:\\\/\\\/futbolete.com\\\/murvi\\\/actualidad\\\/cerebro-cuando-ves-imagenes-guerra\\\/#primaryimage\",\"url\":\"https:\\\/\\\/futbolete.com\\\/murvi\\\/wp-content\\\/uploads\\\/2026\\\/03\\\/Cerebro-guerra-salud-mental.jpg\",\"contentUrl\":\"https:\\\/\\\/futbolete.com\\\/murvi\\\/wp-content\\\/uploads\\\/2026\\\/03\\\/Cerebro-guerra-salud-mental.jpg\",\"width\":1800,\"height\":1013,\"caption\":\"Cerebro guerra salud mental\"},{\"@type\":\"BreadcrumbList\",\"@id\":\"https:\\\/\\\/futbolete.com\\\/murvi\\\/actualidad\\\/cerebro-cuando-ves-imagenes-guerra\\\/#breadcrumb\",\"itemListElement\":[{\"@type\":\"ListItem\",\"position\":1,\"name\":\"Portada\",\"item\":\"https:\\\/\\\/futbolete.com\\\/murvi\\\/\"},{\"@type\":\"ListItem\",\"position\":2,\"name\":\"Hemos preguntado a varios psiquiatras qu\u00e9 le pasa al cerebro cuando ves im\u00e1genes de la guerra y su respuesta cambia c\u00f3mo consumes las noticias\"}]},{\"@type\":\"WebSite\",\"@id\":\"https:\\\/\\\/futbolete.com\\\/murvi\\\/#website\",\"url\":\"https:\\\/\\\/futbolete.com\\\/murvi\\\/\",\"name\":\"Futbolete\",\"description\":\"\",\"publisher\":{\"@id\":\"https:\\\/\\\/futbolete.com\\\/murvi\\\/#organization\"},\"alternateName\":\"MURVI\",\"potentialAction\":[{\"@type\":\"SearchAction\",\"target\":{\"@type\":\"EntryPoint\",\"urlTemplate\":\"https:\\\/\\\/futbolete.com\\\/murvi\\\/?s={search_term_string}\"},\"query-input\":{\"@type\":\"PropertyValueSpecification\",\"valueRequired\":true,\"valueName\":\"search_term_string\"}}],\"inLanguage\":\"es\"},{\"@type\":\"Organization\",\"@id\":\"https:\\\/\\\/futbolete.com\\\/murvi\\\/#organization\",\"name\":\"Futbolete\",\"url\":\"https:\\\/\\\/futbolete.com\\\/murvi\\\/\",\"logo\":{\"@type\":\"ImageObject\",\"inLanguage\":\"es\",\"@id\":\"https:\\\/\\\/futbolete.com\\\/murvi\\\/#\\\/schema\\\/logo\\\/image\\\/\",\"url\":\"https:\\\/\\\/futbolete.com\\\/murvi\\\/wp-content\\\/uploads\\\/2024\\\/10\\\/FAVICON-1-1.png\",\"contentUrl\":\"https:\\\/\\\/futbolete.com\\\/murvi\\\/wp-content\\\/uploads\\\/2024\\\/10\\\/FAVICON-1-1.png\",\"width\":512,\"height\":512,\"caption\":\"Futbolete\"},\"image\":{\"@id\":\"https:\\\/\\\/futbolete.com\\\/murvi\\\/#\\\/schema\\\/logo\\\/image\\\/\"},\"sameAs\":[\"https:\\\/\\\/www.facebook.com\\\/futbolete\\\/\"]},{\"@type\":\"Person\",\"@id\":\"https:\\\/\\\/futbolete.com\\\/murvi\\\/#\\\/schema\\\/person\\\/02553c505978e0f13c2e4f39862b7199\",\"name\":\"Nvindi\",\"description\":\"Licenciado en Ciencias de la Comunicaci\u00f3n UPV 1998 - Periodista, redactor de contenidos desde 2008. Especializado en temas como econom\u00eda, hogar, seguros, fiscalidad y tendencias. He colaborado en redes de blogs como FinancialRed, Bolsaman\u00eda, Bolsa24, SinComisiones, entre muchos otros. Toda esta experiencia a lo largo de los a\u00f1os hablando de la actividad financiera me convierte en una persona con grandes conocimientos en temas de finanzas personales que el usuario de a pie busca como seguridad social, fiscalidad, hacienda y noticias de consumo.\",\"sameAs\":[\"https:\\\/\\\/x.com\\\/fran@tododisca.com\"],\"url\":\"https:\\\/\\\/futbolete.com\\\/murvi\\\/author\\\/nvindi\\\/\"}]}<\/script>\n<!-- \/ Yoast SEO Premium plugin. -->","yoast_head_json":{"title":"Hemos preguntado a varios psiquiatras qu\u00e9 le pasa al cerebro cuando ves im\u00e1genes de la guerra y su respuesta cambia c\u00f3mo consumes las noticias","robots":{"index":"index","follow":"follow","max-snippet":"max-snippet:-1","max-image-preview":"max-image-preview:large","max-video-preview":"max-video-preview:-1"},"canonical":"https:\/\/futbolete.com\/murvi\/actualidad\/cerebro-cuando-ves-imagenes-guerra\/","og_locale":"es_ES","og_type":"article","og_title":"Hemos preguntado a varios psiquiatras qu\u00e9 le pasa al cerebro cuando ves im\u00e1genes de la guerra y su respuesta cambia c\u00f3mo consumes las noticias","og_description":"Gaza, Ucrania, Sud\u00e1n. Las guerras de hoy no ocurren solo en el terreno: llegan al tel\u00e9fono en tiempo real, con una brutalidad visual que no tiene precedentes hist\u00f3ricos. Y el cerebro humano, dise\u00f1ado para otro mundo, no sabe muy bien qu\u00e9 hacer con eso. Los psiquiatras llevan meses advirtiendo de algo que millones de personas [&hellip;]","og_url":"https:\/\/futbolete.com\/murvi\/actualidad\/cerebro-cuando-ves-imagenes-guerra\/","og_site_name":"MURVI","article_publisher":"https:\/\/www.facebook.com\/futbolete\/","article_published_time":"2026-03-16T15:47:17+00:00","og_image":[{"width":1800,"height":1013,"url":"https:\/\/futbolete.com\/murvi\/wp-content\/uploads\/2026\/03\/Cerebro-guerra-salud-mental.jpg","type":"image\/jpeg"}],"author":"Nvindi","twitter_card":"summary_large_image","twitter_creator":"@fran@tododisca.com","twitter_misc":{"Escrito por":"Nvindi","Tiempo de lectura":"3 minutos"},"schema":{"@context":"https:\/\/schema.org","@graph":[{"@type":"NewsArticle","@id":"https:\/\/futbolete.com\/murvi\/actualidad\/cerebro-cuando-ves-imagenes-guerra\/#article","isPartOf":{"@id":"https:\/\/futbolete.com\/murvi\/actualidad\/cerebro-cuando-ves-imagenes-guerra\/"},"author":{"name":"Nvindi","@id":"https:\/\/futbolete.com\/murvi\/#\/schema\/person\/02553c505978e0f13c2e4f39862b7199"},"headline":"Hemos preguntado a varios psiquiatras qu\u00e9 le pasa al cerebro cuando ves im\u00e1genes de la guerra y su respuesta cambia c\u00f3mo consumes las noticias","datePublished":"2026-03-16T15:47:17+00:00","mainEntityOfPage":{"@id":"https:\/\/futbolete.com\/murvi\/actualidad\/cerebro-cuando-ves-imagenes-guerra\/"},"wordCount":666,"publisher":{"@id":"https:\/\/futbolete.com\/murvi\/#organization"},"image":{"@id":"https:\/\/futbolete.com\/murvi\/actualidad\/cerebro-cuando-ves-imagenes-guerra\/#primaryimage"},"thumbnailUrl":"https:\/\/futbolete.com\/murvi\/wp-content\/uploads\/2026\/03\/Cerebro-guerra-salud-mental.jpg","keywords":["psicologia"],"articleSection":["Actualidad"],"inLanguage":"es"},{"@type":"WebPage","@id":"https:\/\/futbolete.com\/murvi\/actualidad\/cerebro-cuando-ves-imagenes-guerra\/","url":"https:\/\/futbolete.com\/murvi\/actualidad\/cerebro-cuando-ves-imagenes-guerra\/","name":"Hemos preguntado a varios psiquiatras qu\u00e9 le pasa al cerebro cuando ves im\u00e1genes de la guerra y su respuesta cambia c\u00f3mo consumes las noticias","isPartOf":{"@id":"https:\/\/futbolete.com\/murvi\/#website"},"primaryImageOfPage":{"@id":"https:\/\/futbolete.com\/murvi\/actualidad\/cerebro-cuando-ves-imagenes-guerra\/#primaryimage"},"image":{"@id":"https:\/\/futbolete.com\/murvi\/actualidad\/cerebro-cuando-ves-imagenes-guerra\/#primaryimage"},"thumbnailUrl":"https:\/\/futbolete.com\/murvi\/wp-content\/uploads\/2026\/03\/Cerebro-guerra-salud-mental.jpg","datePublished":"2026-03-16T15:47:17+00:00","breadcrumb":{"@id":"https:\/\/futbolete.com\/murvi\/actualidad\/cerebro-cuando-ves-imagenes-guerra\/#breadcrumb"},"inLanguage":"es","potentialAction":[{"@type":"ReadAction","target":["https:\/\/futbolete.com\/murvi\/actualidad\/cerebro-cuando-ves-imagenes-guerra\/"]}]},{"@type":"ImageObject","inLanguage":"es","@id":"https:\/\/futbolete.com\/murvi\/actualidad\/cerebro-cuando-ves-imagenes-guerra\/#primaryimage","url":"https:\/\/futbolete.com\/murvi\/wp-content\/uploads\/2026\/03\/Cerebro-guerra-salud-mental.jpg","contentUrl":"https:\/\/futbolete.com\/murvi\/wp-content\/uploads\/2026\/03\/Cerebro-guerra-salud-mental.jpg","width":1800,"height":1013,"caption":"Cerebro guerra salud mental"},{"@type":"BreadcrumbList","@id":"https:\/\/futbolete.com\/murvi\/actualidad\/cerebro-cuando-ves-imagenes-guerra\/#breadcrumb","itemListElement":[{"@type":"ListItem","position":1,"name":"Portada","item":"https:\/\/futbolete.com\/murvi\/"},{"@type":"ListItem","position":2,"name":"Hemos preguntado a varios psiquiatras qu\u00e9 le pasa al cerebro cuando ves im\u00e1genes de la guerra y su respuesta cambia c\u00f3mo consumes las noticias"}]},{"@type":"WebSite","@id":"https:\/\/futbolete.com\/murvi\/#website","url":"https:\/\/futbolete.com\/murvi\/","name":"Futbolete","description":"","publisher":{"@id":"https:\/\/futbolete.com\/murvi\/#organization"},"alternateName":"MURVI","potentialAction":[{"@type":"SearchAction","target":{"@type":"EntryPoint","urlTemplate":"https:\/\/futbolete.com\/murvi\/?s={search_term_string}"},"query-input":{"@type":"PropertyValueSpecification","valueRequired":true,"valueName":"search_term_string"}}],"inLanguage":"es"},{"@type":"Organization","@id":"https:\/\/futbolete.com\/murvi\/#organization","name":"Futbolete","url":"https:\/\/futbolete.com\/murvi\/","logo":{"@type":"ImageObject","inLanguage":"es","@id":"https:\/\/futbolete.com\/murvi\/#\/schema\/logo\/image\/","url":"https:\/\/futbolete.com\/murvi\/wp-content\/uploads\/2024\/10\/FAVICON-1-1.png","contentUrl":"https:\/\/futbolete.com\/murvi\/wp-content\/uploads\/2024\/10\/FAVICON-1-1.png","width":512,"height":512,"caption":"Futbolete"},"image":{"@id":"https:\/\/futbolete.com\/murvi\/#\/schema\/logo\/image\/"},"sameAs":["https:\/\/www.facebook.com\/futbolete\/"]},{"@type":"Person","@id":"https:\/\/futbolete.com\/murvi\/#\/schema\/person\/02553c505978e0f13c2e4f39862b7199","name":"Nvindi","description":"Licenciado en Ciencias de la Comunicaci\u00f3n UPV 1998 - Periodista, redactor de contenidos desde 2008. Especializado en temas como econom\u00eda, hogar, seguros, fiscalidad y tendencias. He colaborado en redes de blogs como FinancialRed, Bolsaman\u00eda, Bolsa24, SinComisiones, entre muchos otros. Toda esta experiencia a lo largo de los a\u00f1os hablando de la actividad financiera me convierte en una persona con grandes conocimientos en temas de finanzas personales que el usuario de a pie busca como seguridad social, fiscalidad, hacienda y noticias de consumo.","sameAs":["https:\/\/x.com\/fran@tododisca.com"],"url":"https:\/\/futbolete.com\/murvi\/author\/nvindi\/"}]}},"_links":{"self":[{"href":"https:\/\/futbolete.com\/murvi\/wp-json\/wp\/v2\/posts\/8567","targetHints":{"allow":["GET"]}}],"collection":[{"href":"https:\/\/futbolete.com\/murvi\/wp-json\/wp\/v2\/posts"}],"about":[{"href":"https:\/\/futbolete.com\/murvi\/wp-json\/wp\/v2\/types\/post"}],"author":[{"embeddable":true,"href":"https:\/\/futbolete.com\/murvi\/wp-json\/wp\/v2\/users\/5"}],"replies":[{"embeddable":true,"href":"https:\/\/futbolete.com\/murvi\/wp-json\/wp\/v2\/comments?post=8567"}],"version-history":[{"count":2,"href":"https:\/\/futbolete.com\/murvi\/wp-json\/wp\/v2\/posts\/8567\/revisions"}],"predecessor-version":[{"id":8570,"href":"https:\/\/futbolete.com\/murvi\/wp-json\/wp\/v2\/posts\/8567\/revisions\/8570"}],"wp:featuredmedia":[{"embeddable":true,"href":"https:\/\/futbolete.com\/murvi\/wp-json\/wp\/v2\/media\/8569"}],"wp:attachment":[{"href":"https:\/\/futbolete.com\/murvi\/wp-json\/wp\/v2\/media?parent=8567"}],"wp:term":[{"taxonomy":"category","embeddable":true,"href":"https:\/\/futbolete.com\/murvi\/wp-json\/wp\/v2\/categories?post=8567"},{"taxonomy":"post_tag","embeddable":true,"href":"https:\/\/futbolete.com\/murvi\/wp-json\/wp\/v2\/tags?post=8567"}],"curies":[{"name":"wp","href":"https:\/\/api.w.org\/{rel}","templated":true}]}}