{"id":8476,"date":"2025-07-24T11:00:51","date_gmt":"2025-07-24T09:00:51","guid":{"rendered":"https:\/\/futbolete.com\/murvi\/?p=8476"},"modified":"2025-07-24T11:00:51","modified_gmt":"2025-07-24T09:00:51","slug":"veteranos-beneficiarios-ssdi-aumento-pagos-mensuales-julio","status":"publish","type":"post","link":"https:\/\/futbolete.com\/murvi\/actualidad\/veteranos-beneficiarios-ssdi-aumento-pagos-mensuales-julio\/","title":{"rendered":"Veteranos y beneficiarios de SSDI reciben aumento del 2.5% en sus pagos mensuales en julio"},"content":{"rendered":"<p>Este mes de julio, los <strong>pagos mensuales del Seguro Social por Incapacidad (SSDI)<\/strong> y los beneficios para veteranos <strong>reciben un aumento del 2.5%<\/strong>. Este ajuste, ya confirmado, se refleja autom\u00e1ticamente en los dep\u00f3sitos de quienes califican, mejorando el monto que recibes cada mes.<\/p>\n<p>Si eres <strong>beneficiario de SSDI o recibes pagos como veterano<\/strong>, debes saber que tu cheque mensual ya incorpora este incremento, aplicado desde los primeros pagos de julio, de acuerdo con el ajuste vigente aprobado para compensar el impacto de la inflaci\u00f3n.<\/p>\n<h2>El aumento del 2.5% mejora los pagos de SSDI y veteranos en julio<\/h2>\n<p>La Administraci\u00f3n del Seguro Social (SSA) y el Departamento de Asuntos de los Veteranos aplican ajustes anuales que buscan mantener el poder adquisitivo de los pagos frente a la inflaci\u00f3n. <strong>En julio, este ajuste espec\u00edfico del 2.5%<\/strong> representa un refuerzo para millones de personas que dependen de estos beneficios como ingreso principal.<\/p>\n<p>Por ejemplo, <strong>si antes tu pago mensual de SSDI era de 1,500\u202f$, este mes recibir\u00e1s aproximadamente 1,537\u202f$<\/strong>. De manera similar, los veteranos que reciben pagos regulares ver\u00e1n reflejado el incremento en los dep\u00f3sitos que comenzaron a distribuirse a partir de la primera semana de julio.<strong> Este incremento del 2.5% no requiere que hagas ning\u00fan tr\u00e1mite adicional<\/strong>: se aplica de forma autom\u00e1tica en funci\u00f3n del monto base al que ten\u00edas derecho hasta junio.<\/p>\n<blockquote><p>Sin embargo, es importante que est\u00e9s atento a tu extracto o cuenta bancaria para confirmar que el nuevo pago ya refleja el ajuste correctamente.<\/p><\/blockquote>\n<h2>El calendario de pagos del Seguro Social sigue el cronograma regular<\/h2>\n<p>El<strong> ajuste del 2.5% corresponde a las reglas vigentes de los pagos indexados al costo de vida<\/strong>, en l\u00ednea con las proyecciones de inflaci\u00f3n m\u00e1s recientes. Afecta tanto a beneficiarios de SSDI como a quienes reciben pensiones y compensaciones del Departamento de Asuntos de los Veteranos. SSDI: para quienes cumplen con la programaci\u00f3n habitual por <strong>fecha de nacimiento (9, 16 y 23 de julio seg\u00fan el rango de fechas)<\/strong>.<\/p>\n<p>Beneficios de veteranos: generalmente el primer d\u00eda h\u00e1bil del mes siguiente, pero con algunos anticipos seg\u00fan las normas estatales. Adem\u00e1s del incremento de julio, debes tener en cuenta que estos ajustes no sustituyen el aumento anual por COLA (Cost of Living Adjustment) que se calcula cada oto\u00f1o y se aplica a partir de enero de cada a\u00f1o. <strong>Es decir, el 2.5% es un refuerzo adicional en el contexto actual<\/strong> y no un reemplazo del ajuste regular anual.<\/p>\n<h2>Puedes confirmar el importe exacto de tu cheque del Seguro Social de esta forma<\/h2>\n<p>Si quieres <strong>confirmar el importe exacto que te corresponde tras el aumento<\/strong>, puedes hacerlo directamente en tu cuenta en l\u00ednea en My Social Security o en la aplicaci\u00f3n oficial del Departamento de Asuntos de los Veteranos, dependiendo del beneficio que recibas. All\u00ed podr\u00e1s verificar el nuevo c\u00e1lculo y el desglose de tus dep\u00f3sitos futuros.<\/p>\n<p>Para quienes a\u00fan reciben notificaciones por correo postal, es recomendable mantener actualizada tu direcci\u00f3n para que cualquier comunicaci\u00f3n oficial sobre estos ajustes llegue correctamente. Tambi\u00e9n puedes <strong>consultar en la oficina local de la SSA o del VA<\/strong> si necesitas aclaraciones espec\u00edficas sobre c\u00f3mo afecta el aumento a tu pago mensual.<\/p>\n","protected":false},"excerpt":{"rendered":"<p>Este mes de julio, los pagos mensuales del Seguro Social por Incapacidad (SSDI) y los beneficios para veteranos reciben un aumento del 2.5%. Este ajuste, ya confirmado, se refleja autom\u00e1ticamente en los dep\u00f3sitos de quienes califican, mejorando el monto que recibes cada mes. Si eres beneficiario de SSDI o recibes pagos como veterano, debes saber [&hellip;]<\/p>\n","protected":false},"author":5,"featured_media":8481,"comment_status":"closed","ping_status":"closed","sticky":false,"template":"","format":"standard","meta":{"_yoast_wpseo_focuskw":"","_yoast_wpseo_title":"","_yoast_wpseo_metadesc":"","_yoast_wpseo_canonical":"","rank_math_title":"","rank_math_description":"","rank_math_focus_keyword":"","rank_math_canonical_url":"","jnews-multi-image_gallery":[],"jnews_single_post":{"format":"standard","override":[{"template":"1","parallax":"1","fullscreen":"1","layout":"right-sidebar","sidebar":"default-sidebar","second_sidebar":"default-sidebar","sticky_sidebar":"1","share_position":"hide","share_float_style":"share-monocrhome","show_share_counter":"1","show_view_counter":"1","show_featured":"1","show_post_meta":"1","show_post_author":"1","show_post_date":"1","post_date_format":"custom","post_date_format_custom":"d\/m\/Y H:i","show_post_category":"1","show_post_reading_time":"0","post_reading_time_wpm":"300","post_calculate_word_method":"str_word_count","show_zoom_button":"0","zoom_button_out_step":"2","zoom_button_in_step":"3","show_post_tag":"1","number_popup_post":"1","show_author_box":"0","show_post_related":"1"}],"image_override":[{"single_post_thumbnail_size":"no-crop","single_post_gallery_size":"crop-715"}],"trending_post_position":"meta","trending_post_label":"Trending","sponsored_post_label":"Sponsored by","disable_ad":"0","subtitle":"El pago mensual de veteranos y personas con discapacidad sube un 2.5% gracias al ajuste vigente en julio"},"jnews_primary_category":[],"footnotes":""},"categories":[2],"tags":[168],"class_list":["post-8476","post","type-post","status-publish","format-standard","has-post-thumbnail","hentry","category-actualidad","tag-ssdi"],"yoast_head":"<!-- This site is optimized with the Yoast SEO Premium plugin v27.2 (Yoast SEO v27.3) - https:\/\/yoast.com\/product\/yoast-seo-premium-wordpress\/ -->\n<title>Veteranos y beneficiarios de SSDI reciben aumento del 2.5% en sus pagos mensuales en julio<\/title>\n<meta name=\"robots\" content=\"index, follow, max-snippet:-1, max-image-preview:large, max-video-preview:-1\" \/>\n<link rel=\"canonical\" href=\"https:\/\/futbolete.com\/murvi\/actualidad\/veteranos-beneficiarios-ssdi-aumento-pagos-mensuales-julio\/\" \/>\n<meta property=\"og:locale\" content=\"es_ES\" \/>\n<meta property=\"og:type\" content=\"article\" \/>\n<meta property=\"og:title\" content=\"Veteranos y beneficiarios de SSDI reciben aumento del 2.5% en sus pagos mensuales en julio\" \/>\n<meta property=\"og:description\" content=\"Este mes de julio, los pagos mensuales del Seguro Social por Incapacidad (SSDI) y los beneficios para veteranos reciben un aumento del 2.5%. Este ajuste, ya confirmado, se refleja autom\u00e1ticamente en los dep\u00f3sitos de quienes califican, mejorando el monto que recibes cada mes. Si eres beneficiario de SSDI o recibes pagos como veterano, debes saber [&hellip;]\" \/>\n<meta property=\"og:url\" content=\"https:\/\/futbolete.com\/murvi\/actualidad\/veteranos-beneficiarios-ssdi-aumento-pagos-mensuales-julio\/\" \/>\n<meta property=\"og:site_name\" content=\"MURVI\" \/>\n<meta property=\"article:publisher\" content=\"https:\/\/www.facebook.com\/futbolete\/\" \/>\n<meta property=\"article:published_time\" content=\"2025-07-24T09:00:51+00:00\" \/>\n<meta property=\"og:image\" content=\"https:\/\/futbolete.com\/murvi\/wp-content\/uploads\/2025\/07\/Aumento-del-cheque-del-SSDI-y-veteranos-en-julio.jpg\" \/>\n\t<meta property=\"og:image:width\" content=\"1280\" \/>\n\t<meta property=\"og:image:height\" content=\"720\" \/>\n\t<meta property=\"og:image:type\" content=\"image\/jpeg\" \/>\n<meta name=\"author\" content=\"Nvindi\" \/>\n<meta name=\"twitter:card\" content=\"summary_large_image\" \/>\n<meta name=\"twitter:creator\" content=\"@fran@tododisca.com\" \/>\n<meta name=\"twitter:label1\" content=\"Escrito por\" \/>\n\t<meta name=\"twitter:data1\" content=\"Nvindi\" \/>\n\t<meta name=\"twitter:label2\" content=\"Tiempo de lectura\" \/>\n\t<meta name=\"twitter:data2\" content=\"3 minutos\" \/>\n<script type=\"application\/ld+json\" class=\"yoast-schema-graph\">{\"@context\":\"https:\\\/\\\/schema.org\",\"@graph\":[{\"@type\":\"NewsArticle\",\"@id\":\"https:\\\/\\\/futbolete.com\\\/murvi\\\/actualidad\\\/veteranos-beneficiarios-ssdi-aumento-pagos-mensuales-julio\\\/#article\",\"isPartOf\":{\"@id\":\"https:\\\/\\\/futbolete.com\\\/murvi\\\/actualidad\\\/veteranos-beneficiarios-ssdi-aumento-pagos-mensuales-julio\\\/\"},\"author\":{\"name\":\"Nvindi\",\"@id\":\"https:\\\/\\\/futbolete.com\\\/murvi\\\/#\\\/schema\\\/person\\\/02553c505978e0f13c2e4f39862b7199\"},\"headline\":\"Veteranos y beneficiarios de SSDI reciben aumento del 2.5% en sus pagos mensuales en julio\",\"datePublished\":\"2025-07-24T09:00:51+00:00\",\"mainEntityOfPage\":{\"@id\":\"https:\\\/\\\/futbolete.com\\\/murvi\\\/actualidad\\\/veteranos-beneficiarios-ssdi-aumento-pagos-mensuales-julio\\\/\"},\"wordCount\":560,\"publisher\":{\"@id\":\"https:\\\/\\\/futbolete.com\\\/murvi\\\/#organization\"},\"image\":{\"@id\":\"https:\\\/\\\/futbolete.com\\\/murvi\\\/actualidad\\\/veteranos-beneficiarios-ssdi-aumento-pagos-mensuales-julio\\\/#primaryimage\"},\"thumbnailUrl\":\"https:\\\/\\\/futbolete.com\\\/murvi\\\/wp-content\\\/uploads\\\/2025\\\/07\\\/Aumento-del-cheque-del-SSDI-y-veteranos-en-julio.jpg\",\"keywords\":[\"SSDI\"],\"articleSection\":[\"Actualidad\"],\"inLanguage\":\"es\"},{\"@type\":\"WebPage\",\"@id\":\"https:\\\/\\\/futbolete.com\\\/murvi\\\/actualidad\\\/veteranos-beneficiarios-ssdi-aumento-pagos-mensuales-julio\\\/\",\"url\":\"https:\\\/\\\/futbolete.com\\\/murvi\\\/actualidad\\\/veteranos-beneficiarios-ssdi-aumento-pagos-mensuales-julio\\\/\",\"name\":\"Veteranos y beneficiarios de SSDI reciben aumento del 2.5% en sus pagos mensuales en julio\",\"isPartOf\":{\"@id\":\"https:\\\/\\\/futbolete.com\\\/murvi\\\/#website\"},\"primaryImageOfPage\":{\"@id\":\"https:\\\/\\\/futbolete.com\\\/murvi\\\/actualidad\\\/veteranos-beneficiarios-ssdi-aumento-pagos-mensuales-julio\\\/#primaryimage\"},\"image\":{\"@id\":\"https:\\\/\\\/futbolete.com\\\/murvi\\\/actualidad\\\/veteranos-beneficiarios-ssdi-aumento-pagos-mensuales-julio\\\/#primaryimage\"},\"thumbnailUrl\":\"https:\\\/\\\/futbolete.com\\\/murvi\\\/wp-content\\\/uploads\\\/2025\\\/07\\\/Aumento-del-cheque-del-SSDI-y-veteranos-en-julio.jpg\",\"datePublished\":\"2025-07-24T09:00:51+00:00\",\"breadcrumb\":{\"@id\":\"https:\\\/\\\/futbolete.com\\\/murvi\\\/actualidad\\\/veteranos-beneficiarios-ssdi-aumento-pagos-mensuales-julio\\\/#breadcrumb\"},\"inLanguage\":\"es\",\"potentialAction\":[{\"@type\":\"ReadAction\",\"target\":[\"https:\\\/\\\/futbolete.com\\\/murvi\\\/actualidad\\\/veteranos-beneficiarios-ssdi-aumento-pagos-mensuales-julio\\\/\"]}]},{\"@type\":\"ImageObject\",\"inLanguage\":\"es\",\"@id\":\"https:\\\/\\\/futbolete.com\\\/murvi\\\/actualidad\\\/veteranos-beneficiarios-ssdi-aumento-pagos-mensuales-julio\\\/#primaryimage\",\"url\":\"https:\\\/\\\/futbolete.com\\\/murvi\\\/wp-content\\\/uploads\\\/2025\\\/07\\\/Aumento-del-cheque-del-SSDI-y-veteranos-en-julio.jpg\",\"contentUrl\":\"https:\\\/\\\/futbolete.com\\\/murvi\\\/wp-content\\\/uploads\\\/2025\\\/07\\\/Aumento-del-cheque-del-SSDI-y-veteranos-en-julio.jpg\",\"width\":1280,\"height\":720,\"caption\":\"Aumento del cheque del SSDI y veteranos en julio\"},{\"@type\":\"BreadcrumbList\",\"@id\":\"https:\\\/\\\/futbolete.com\\\/murvi\\\/actualidad\\\/veteranos-beneficiarios-ssdi-aumento-pagos-mensuales-julio\\\/#breadcrumb\",\"itemListElement\":[{\"@type\":\"ListItem\",\"position\":1,\"name\":\"Portada\",\"item\":\"https:\\\/\\\/futbolete.com\\\/murvi\\\/\"},{\"@type\":\"ListItem\",\"position\":2,\"name\":\"Veteranos y beneficiarios de SSDI reciben aumento del 2.5% en sus pagos mensuales en julio\"}]},{\"@type\":\"WebSite\",\"@id\":\"https:\\\/\\\/futbolete.com\\\/murvi\\\/#website\",\"url\":\"https:\\\/\\\/futbolete.com\\\/murvi\\\/\",\"name\":\"Futbolete\",\"description\":\"\",\"publisher\":{\"@id\":\"https:\\\/\\\/futbolete.com\\\/murvi\\\/#organization\"},\"alternateName\":\"MURVI\",\"potentialAction\":[{\"@type\":\"SearchAction\",\"target\":{\"@type\":\"EntryPoint\",\"urlTemplate\":\"https:\\\/\\\/futbolete.com\\\/murvi\\\/?s={search_term_string}\"},\"query-input\":{\"@type\":\"PropertyValueSpecification\",\"valueRequired\":true,\"valueName\":\"search_term_string\"}}],\"inLanguage\":\"es\"},{\"@type\":\"Organization\",\"@id\":\"https:\\\/\\\/futbolete.com\\\/murvi\\\/#organization\",\"name\":\"Futbolete\",\"url\":\"https:\\\/\\\/futbolete.com\\\/murvi\\\/\",\"logo\":{\"@type\":\"ImageObject\",\"inLanguage\":\"es\",\"@id\":\"https:\\\/\\\/futbolete.com\\\/murvi\\\/#\\\/schema\\\/logo\\\/image\\\/\",\"url\":\"https:\\\/\\\/futbolete.com\\\/murvi\\\/wp-content\\\/uploads\\\/2024\\\/10\\\/FAVICON-1-1.png\",\"contentUrl\":\"https:\\\/\\\/futbolete.com\\\/murvi\\\/wp-content\\\/uploads\\\/2024\\\/10\\\/FAVICON-1-1.png\",\"width\":512,\"height\":512,\"caption\":\"Futbolete\"},\"image\":{\"@id\":\"https:\\\/\\\/futbolete.com\\\/murvi\\\/#\\\/schema\\\/logo\\\/image\\\/\"},\"sameAs\":[\"https:\\\/\\\/www.facebook.com\\\/futbolete\\\/\"]},{\"@type\":\"Person\",\"@id\":\"https:\\\/\\\/futbolete.com\\\/murvi\\\/#\\\/schema\\\/person\\\/02553c505978e0f13c2e4f39862b7199\",\"name\":\"Nvindi\",\"description\":\"Licenciado en Ciencias de la Comunicaci\u00f3n UPV 1998 - Periodista, redactor de contenidos desde 2008. Especializado en temas como econom\u00eda, hogar, seguros, fiscalidad y tendencias. He colaborado en redes de blogs como FinancialRed, Bolsaman\u00eda, Bolsa24, SinComisiones, entre muchos otros. Toda esta experiencia a lo largo de los a\u00f1os hablando de la actividad financiera me convierte en una persona con grandes conocimientos en temas de finanzas personales que el usuario de a pie busca como seguridad social, fiscalidad, hacienda y noticias de consumo.\",\"sameAs\":[\"https:\\\/\\\/x.com\\\/fran@tododisca.com\"],\"url\":\"https:\\\/\\\/futbolete.com\\\/murvi\\\/author\\\/nvindi\\\/\"}]}<\/script>\n<!-- \/ Yoast SEO Premium plugin. -->","yoast_head_json":{"title":"Veteranos y beneficiarios de SSDI reciben aumento del 2.5% en sus pagos mensuales en julio","robots":{"index":"index","follow":"follow","max-snippet":"max-snippet:-1","max-image-preview":"max-image-preview:large","max-video-preview":"max-video-preview:-1"},"canonical":"https:\/\/futbolete.com\/murvi\/actualidad\/veteranos-beneficiarios-ssdi-aumento-pagos-mensuales-julio\/","og_locale":"es_ES","og_type":"article","og_title":"Veteranos y beneficiarios de SSDI reciben aumento del 2.5% en sus pagos mensuales en julio","og_description":"Este mes de julio, los pagos mensuales del Seguro Social por Incapacidad (SSDI) y los beneficios para veteranos reciben un aumento del 2.5%. Este ajuste, ya confirmado, se refleja autom\u00e1ticamente en los dep\u00f3sitos de quienes califican, mejorando el monto que recibes cada mes. Si eres beneficiario de SSDI o recibes pagos como veterano, debes saber [&hellip;]","og_url":"https:\/\/futbolete.com\/murvi\/actualidad\/veteranos-beneficiarios-ssdi-aumento-pagos-mensuales-julio\/","og_site_name":"MURVI","article_publisher":"https:\/\/www.facebook.com\/futbolete\/","article_published_time":"2025-07-24T09:00:51+00:00","og_image":[{"width":1280,"height":720,"url":"https:\/\/futbolete.com\/murvi\/wp-content\/uploads\/2025\/07\/Aumento-del-cheque-del-SSDI-y-veteranos-en-julio.jpg","type":"image\/jpeg"}],"author":"Nvindi","twitter_card":"summary_large_image","twitter_creator":"@fran@tododisca.com","twitter_misc":{"Escrito por":"Nvindi","Tiempo de lectura":"3 minutos"},"schema":{"@context":"https:\/\/schema.org","@graph":[{"@type":"NewsArticle","@id":"https:\/\/futbolete.com\/murvi\/actualidad\/veteranos-beneficiarios-ssdi-aumento-pagos-mensuales-julio\/#article","isPartOf":{"@id":"https:\/\/futbolete.com\/murvi\/actualidad\/veteranos-beneficiarios-ssdi-aumento-pagos-mensuales-julio\/"},"author":{"name":"Nvindi","@id":"https:\/\/futbolete.com\/murvi\/#\/schema\/person\/02553c505978e0f13c2e4f39862b7199"},"headline":"Veteranos y beneficiarios de SSDI reciben aumento del 2.5% en sus pagos mensuales en julio","datePublished":"2025-07-24T09:00:51+00:00","mainEntityOfPage":{"@id":"https:\/\/futbolete.com\/murvi\/actualidad\/veteranos-beneficiarios-ssdi-aumento-pagos-mensuales-julio\/"},"wordCount":560,"publisher":{"@id":"https:\/\/futbolete.com\/murvi\/#organization"},"image":{"@id":"https:\/\/futbolete.com\/murvi\/actualidad\/veteranos-beneficiarios-ssdi-aumento-pagos-mensuales-julio\/#primaryimage"},"thumbnailUrl":"https:\/\/futbolete.com\/murvi\/wp-content\/uploads\/2025\/07\/Aumento-del-cheque-del-SSDI-y-veteranos-en-julio.jpg","keywords":["SSDI"],"articleSection":["Actualidad"],"inLanguage":"es"},{"@type":"WebPage","@id":"https:\/\/futbolete.com\/murvi\/actualidad\/veteranos-beneficiarios-ssdi-aumento-pagos-mensuales-julio\/","url":"https:\/\/futbolete.com\/murvi\/actualidad\/veteranos-beneficiarios-ssdi-aumento-pagos-mensuales-julio\/","name":"Veteranos y beneficiarios de SSDI reciben aumento del 2.5% en sus pagos mensuales en julio","isPartOf":{"@id":"https:\/\/futbolete.com\/murvi\/#website"},"primaryImageOfPage":{"@id":"https:\/\/futbolete.com\/murvi\/actualidad\/veteranos-beneficiarios-ssdi-aumento-pagos-mensuales-julio\/#primaryimage"},"image":{"@id":"https:\/\/futbolete.com\/murvi\/actualidad\/veteranos-beneficiarios-ssdi-aumento-pagos-mensuales-julio\/#primaryimage"},"thumbnailUrl":"https:\/\/futbolete.com\/murvi\/wp-content\/uploads\/2025\/07\/Aumento-del-cheque-del-SSDI-y-veteranos-en-julio.jpg","datePublished":"2025-07-24T09:00:51+00:00","breadcrumb":{"@id":"https:\/\/futbolete.com\/murvi\/actualidad\/veteranos-beneficiarios-ssdi-aumento-pagos-mensuales-julio\/#breadcrumb"},"inLanguage":"es","potentialAction":[{"@type":"ReadAction","target":["https:\/\/futbolete.com\/murvi\/actualidad\/veteranos-beneficiarios-ssdi-aumento-pagos-mensuales-julio\/"]}]},{"@type":"ImageObject","inLanguage":"es","@id":"https:\/\/futbolete.com\/murvi\/actualidad\/veteranos-beneficiarios-ssdi-aumento-pagos-mensuales-julio\/#primaryimage","url":"https:\/\/futbolete.com\/murvi\/wp-content\/uploads\/2025\/07\/Aumento-del-cheque-del-SSDI-y-veteranos-en-julio.jpg","contentUrl":"https:\/\/futbolete.com\/murvi\/wp-content\/uploads\/2025\/07\/Aumento-del-cheque-del-SSDI-y-veteranos-en-julio.jpg","width":1280,"height":720,"caption":"Aumento del cheque del SSDI y veteranos en julio"},{"@type":"BreadcrumbList","@id":"https:\/\/futbolete.com\/murvi\/actualidad\/veteranos-beneficiarios-ssdi-aumento-pagos-mensuales-julio\/#breadcrumb","itemListElement":[{"@type":"ListItem","position":1,"name":"Portada","item":"https:\/\/futbolete.com\/murvi\/"},{"@type":"ListItem","position":2,"name":"Veteranos y beneficiarios de SSDI reciben aumento del 2.5% en sus pagos mensuales en julio"}]},{"@type":"WebSite","@id":"https:\/\/futbolete.com\/murvi\/#website","url":"https:\/\/futbolete.com\/murvi\/","name":"Futbolete","description":"","publisher":{"@id":"https:\/\/futbolete.com\/murvi\/#organization"},"alternateName":"MURVI","potentialAction":[{"@type":"SearchAction","target":{"@type":"EntryPoint","urlTemplate":"https:\/\/futbolete.com\/murvi\/?s={search_term_string}"},"query-input":{"@type":"PropertyValueSpecification","valueRequired":true,"valueName":"search_term_string"}}],"inLanguage":"es"},{"@type":"Organization","@id":"https:\/\/futbolete.com\/murvi\/#organization","name":"Futbolete","url":"https:\/\/futbolete.com\/murvi\/","logo":{"@type":"ImageObject","inLanguage":"es","@id":"https:\/\/futbolete.com\/murvi\/#\/schema\/logo\/image\/","url":"https:\/\/futbolete.com\/murvi\/wp-content\/uploads\/2024\/10\/FAVICON-1-1.png","contentUrl":"https:\/\/futbolete.com\/murvi\/wp-content\/uploads\/2024\/10\/FAVICON-1-1.png","width":512,"height":512,"caption":"Futbolete"},"image":{"@id":"https:\/\/futbolete.com\/murvi\/#\/schema\/logo\/image\/"},"sameAs":["https:\/\/www.facebook.com\/futbolete\/"]},{"@type":"Person","@id":"https:\/\/futbolete.com\/murvi\/#\/schema\/person\/02553c505978e0f13c2e4f39862b7199","name":"Nvindi","description":"Licenciado en Ciencias de la Comunicaci\u00f3n UPV 1998 - Periodista, redactor de contenidos desde 2008. Especializado en temas como econom\u00eda, hogar, seguros, fiscalidad y tendencias. He colaborado en redes de blogs como FinancialRed, Bolsaman\u00eda, Bolsa24, SinComisiones, entre muchos otros. Toda esta experiencia a lo largo de los a\u00f1os hablando de la actividad financiera me convierte en una persona con grandes conocimientos en temas de finanzas personales que el usuario de a pie busca como seguridad social, fiscalidad, hacienda y noticias de consumo.","sameAs":["https:\/\/x.com\/fran@tododisca.com"],"url":"https:\/\/futbolete.com\/murvi\/author\/nvindi\/"}]}},"_links":{"self":[{"href":"https:\/\/futbolete.com\/murvi\/wp-json\/wp\/v2\/posts\/8476","targetHints":{"allow":["GET"]}}],"collection":[{"href":"https:\/\/futbolete.com\/murvi\/wp-json\/wp\/v2\/posts"}],"about":[{"href":"https:\/\/futbolete.com\/murvi\/wp-json\/wp\/v2\/types\/post"}],"author":[{"embeddable":true,"href":"https:\/\/futbolete.com\/murvi\/wp-json\/wp\/v2\/users\/5"}],"replies":[{"embeddable":true,"href":"https:\/\/futbolete.com\/murvi\/wp-json\/wp\/v2\/comments?post=8476"}],"version-history":[{"count":0,"href":"https:\/\/futbolete.com\/murvi\/wp-json\/wp\/v2\/posts\/8476\/revisions"}],"wp:featuredmedia":[{"embeddable":true,"href":"https:\/\/futbolete.com\/murvi\/wp-json\/wp\/v2\/media\/8481"}],"wp:attachment":[{"href":"https:\/\/futbolete.com\/murvi\/wp-json\/wp\/v2\/media?parent=8476"}],"wp:term":[{"taxonomy":"category","embeddable":true,"href":"https:\/\/futbolete.com\/murvi\/wp-json\/wp\/v2\/categories?post=8476"},{"taxonomy":"post_tag","embeddable":true,"href":"https:\/\/futbolete.com\/murvi\/wp-json\/wp\/v2\/tags?post=8476"}],"curies":[{"name":"wp","href":"https:\/\/api.w.org\/{rel}","templated":true}]}}