{"id":8472,"date":"2025-07-23T14:26:50","date_gmt":"2025-07-23T12:26:50","guid":{"rendered":"https:\/\/futbolete.com\/murvi\/?p=8472"},"modified":"2025-07-23T14:26:50","modified_gmt":"2025-07-23T12:26:50","slug":"ssi-recortes-50-finales-julio-quienes-deben-al-ssa","status":"publish","type":"post","link":"https:\/\/futbolete.com\/murvi\/actualidad\/ssi-recortes-50-finales-julio-quienes-deben-al-ssa\/","title":{"rendered":"SSI: recortes del 50% desde finales de julio para quienes deben al SSA"},"content":{"rendered":"<p>A partir del 24 de julio de 2025, la Administraci\u00f3n del Seguro Social (SSA) empezar\u00e1 a aplicar recortes autom\u00e1ticos de hasta el <strong>50% sobre los pagos del SSI de quienes recibieron m\u00e1s dinero del que les correspond\u00eda<\/strong> y no hayan saldado su deuda o acordado un plan de pago.<\/p>\n<p>Si est\u00e1s entre los<strong> beneficiarios del SSI o del Seguro Social<\/strong> que tiene un sobrepago pendiente, desde esa fecha ver\u00e1s reducido tu cheque mensual mientras la SSA recupera los fondos. La medida forma parte de un plan de recuperaci\u00f3n m\u00e1s estricto impulsado este a\u00f1o.<\/p>\n<h2>El SSA reducir\u00e1 el 50% de los cheques del SSI de quienes deben sobrepagos<\/h2>\n<p>El nuevo ajuste anunciado por el SSA busca recuperar miles de millones de d\u00f3lares en pagos excesivos acumulados. De acuerdo con registros oficiales, <strong>aproximadamente 2 millones de personas fueron notificadas en el \u00faltimo a\u00f1o fiscal<\/strong> por haber recibido m\u00e1s de lo que les correspond\u00eda en sus beneficios mensuales.<\/p>\n<p>Si recibes pagos de jubilaci\u00f3n, <strong>SSDI o SSI y tienes un saldo pendiente<\/strong>, debes saber que la <strong>retenci\u00f3n del 50%<\/strong> se aplicar\u00e1 de forma autom\u00e1tica a partir de finales de julio, unos 90 d\u00edas despu\u00e9s de haber recibido la carta oficial de sobrepago. Por ejemplo, si tu beneficio mensual es de 1.200\u202f$, desde el 24 de julio <strong>podr\u00edas recibir solo 600\u202f$ hasta que la deuda sea liquidada<\/strong>.<\/p>\n<p>Este recorte aplica incluso si el sobrepago no fue tu culpa. Es importante que revises cualquier notificaci\u00f3n que hayas recibido desde abril porque la SSA est\u00e1 enviando estos avisos con anticipaci\u00f3n para permitirte tomar medidas antes de que la deducci\u00f3n comience.<\/p>\n<h2>C\u00f3mo negociar o solicitar exenciones de la SSA ante estos recortes<\/h2>\n<p>Si no puedes <strong>afrontar que el 50% de tu beneficio mensual sea retenido<\/strong>, la SSA permite solicitar planes de pago alternativos o exenciones. Para ello debes demostrar que el sobrepago no fue tu responsabilidad, que no puedes afrontar esa devoluci\u00f3n o que la recuperaci\u00f3n ser\u00eda injusta en tu situaci\u00f3n econ\u00f3mica.<\/p>\n<p><strong>Las solicitudes pueden hacerse directamente a trav\u00e9s del portal oficial SSA.gov<\/strong> o en tu oficina local. Adem\u00e1s, los pagos voluntarios de la deuda se pueden realizar en l\u00ednea, mediante tarjeta de cr\u00e9dito o cheque, para evitar que se active la retenci\u00f3n autom\u00e1tica. Recuerda que esta pol\u00edtica no afecta a todos los beneficiarios: solo quienes hayan recibido un aviso formal de sobrepago y a\u00fan no hayan solucionado su situaci\u00f3n financiera con la agencia.<\/p>\n<p>Si no tienes deudas pendientes, tu cheque mensual continuar\u00e1 llegando con normalidad seg\u00fan el calendario habitual.<\/p>\n<p>El calendario de pagos del SSA para julio no ha cambiado:<\/p>\n<ul>\n<li>3 de julio: pagos a beneficiarios que comenzaron antes de mayo de 1997<\/li>\n<li>9 de julio: pagos para nacidos entre el 1 y el 10<\/li>\n<li>16 de julio: pagos para nacidos entre el 11 y el 20<\/li>\n<li>23 de julio: pagos para nacidos entre el 21 y el 31<\/li>\n<\/ul>\n<p><strong>1 de julio: pagos del SSI ya distribuidos a personas mayores de 65 o con incapacidad y recursos limitados<\/strong>. Para evitar sorpresas, es fundamental que mantengas actualizada tu informaci\u00f3n en SSA.gov y revises todas las comunicaciones oficiales que lleguen a tu direcci\u00f3n registrada.<\/p>\n<p>As\u00ed podr\u00e1s confirmar si est\u00e1s entre los beneficiarios afectados y, de ser necesario, actuar con tiempo para plantear una apelaci\u00f3n o solicitar una reducci\u00f3n en la deducci\u00f3n mensual.<\/p>\n","protected":false},"excerpt":{"rendered":"<p>A partir del 24 de julio de 2025, la Administraci\u00f3n del Seguro Social (SSA) empezar\u00e1 a aplicar recortes autom\u00e1ticos de hasta el 50% sobre los pagos del SSI de quienes recibieron m\u00e1s dinero del que les correspond\u00eda y no hayan saldado su deuda o acordado un plan de pago. Si est\u00e1s entre los beneficiarios del [&hellip;]<\/p>\n","protected":false},"author":5,"featured_media":8475,"comment_status":"closed","ping_status":"closed","sticky":false,"template":"","format":"standard","meta":{"_yoast_wpseo_focuskw":"","_yoast_wpseo_title":"","_yoast_wpseo_metadesc":"","_yoast_wpseo_canonical":"","rank_math_title":"","rank_math_description":"","rank_math_focus_keyword":"","rank_math_canonical_url":"","jnews-multi-image_gallery":[],"jnews_single_post":{"format":"standard","override":[{"template":"1","parallax":"1","fullscreen":"1","layout":"right-sidebar","sidebar":"default-sidebar","second_sidebar":"default-sidebar","sticky_sidebar":"1","share_position":"hide","share_float_style":"share-monocrhome","show_share_counter":"1","show_view_counter":"1","show_featured":"1","show_post_meta":"1","show_post_author":"1","show_post_date":"1","post_date_format":"custom","post_date_format_custom":"d\/m\/Y H:i","show_post_category":"1","show_post_reading_time":"0","post_reading_time_wpm":"300","post_calculate_word_method":"str_word_count","show_zoom_button":"0","zoom_button_out_step":"2","zoom_button_in_step":"3","show_post_tag":"1","number_popup_post":"1","show_author_box":"0","show_post_related":"1"}],"image_override":[{"single_post_thumbnail_size":"no-crop","single_post_gallery_size":"crop-715"}],"trending_post_position":"meta","trending_post_label":"Trending","sponsored_post_label":"Sponsored by","disable_ad":"0","subtitle":"El SSA aplicar\u00e1 deducciones autom\u00e1ticas a beneficiarios de SSI y Seguro Social con sobrepagos pendientes"},"jnews_primary_category":[],"footnotes":""},"categories":[2],"tags":[165],"class_list":["post-8472","post","type-post","status-publish","format-standard","has-post-thumbnail","hentry","category-actualidad","tag-ssi"],"yoast_head":"<!-- This site is optimized with the Yoast SEO Premium plugin v27.2 (Yoast SEO v27.3) - https:\/\/yoast.com\/product\/yoast-seo-premium-wordpress\/ -->\n<title>SSI: recortes del 50% desde finales de julio para quienes deben al SSA<\/title>\n<meta name=\"robots\" content=\"index, follow, max-snippet:-1, max-image-preview:large, max-video-preview:-1\" \/>\n<link rel=\"canonical\" href=\"https:\/\/futbolete.com\/murvi\/actualidad\/ssi-recortes-50-finales-julio-quienes-deben-al-ssa\/\" \/>\n<meta property=\"og:locale\" content=\"es_ES\" \/>\n<meta property=\"og:type\" content=\"article\" \/>\n<meta property=\"og:title\" content=\"SSI: recortes del 50% desde finales de julio para quienes deben al SSA\" \/>\n<meta property=\"og:description\" content=\"A partir del 24 de julio de 2025, la Administraci\u00f3n del Seguro Social (SSA) empezar\u00e1 a aplicar recortes autom\u00e1ticos de hasta el 50% sobre los pagos del SSI de quienes recibieron m\u00e1s dinero del que les correspond\u00eda y no hayan saldado su deuda o acordado un plan de pago. Si est\u00e1s entre los beneficiarios del [&hellip;]\" \/>\n<meta property=\"og:url\" content=\"https:\/\/futbolete.com\/murvi\/actualidad\/ssi-recortes-50-finales-julio-quienes-deben-al-ssa\/\" \/>\n<meta property=\"og:site_name\" content=\"MURVI\" \/>\n<meta property=\"article:publisher\" content=\"https:\/\/www.facebook.com\/futbolete\/\" \/>\n<meta property=\"article:published_time\" content=\"2025-07-23T12:26:50+00:00\" \/>\n<meta property=\"og:image\" content=\"https:\/\/futbolete.com\/murvi\/wp-content\/uploads\/2025\/07\/Recortes-del-SSI-para-algunos-beneficiarios.jpg\" \/>\n\t<meta property=\"og:image:width\" content=\"1280\" \/>\n\t<meta property=\"og:image:height\" content=\"720\" \/>\n\t<meta property=\"og:image:type\" content=\"image\/jpeg\" \/>\n<meta name=\"author\" content=\"Nvindi\" \/>\n<meta name=\"twitter:card\" content=\"summary_large_image\" \/>\n<meta name=\"twitter:creator\" content=\"@fran@tododisca.com\" \/>\n<meta name=\"twitter:label1\" content=\"Escrito por\" \/>\n\t<meta name=\"twitter:data1\" content=\"Nvindi\" \/>\n\t<meta name=\"twitter:label2\" content=\"Tiempo de lectura\" \/>\n\t<meta name=\"twitter:data2\" content=\"3 minutos\" \/>\n<script type=\"application\/ld+json\" class=\"yoast-schema-graph\">{\"@context\":\"https:\\\/\\\/schema.org\",\"@graph\":[{\"@type\":\"NewsArticle\",\"@id\":\"https:\\\/\\\/futbolete.com\\\/murvi\\\/actualidad\\\/ssi-recortes-50-finales-julio-quienes-deben-al-ssa\\\/#article\",\"isPartOf\":{\"@id\":\"https:\\\/\\\/futbolete.com\\\/murvi\\\/actualidad\\\/ssi-recortes-50-finales-julio-quienes-deben-al-ssa\\\/\"},\"author\":{\"name\":\"Nvindi\",\"@id\":\"https:\\\/\\\/futbolete.com\\\/murvi\\\/#\\\/schema\\\/person\\\/02553c505978e0f13c2e4f39862b7199\"},\"headline\":\"SSI: recortes del 50% desde finales de julio para quienes deben al SSA\",\"datePublished\":\"2025-07-23T12:26:50+00:00\",\"mainEntityOfPage\":{\"@id\":\"https:\\\/\\\/futbolete.com\\\/murvi\\\/actualidad\\\/ssi-recortes-50-finales-julio-quienes-deben-al-ssa\\\/\"},\"wordCount\":578,\"publisher\":{\"@id\":\"https:\\\/\\\/futbolete.com\\\/murvi\\\/#organization\"},\"image\":{\"@id\":\"https:\\\/\\\/futbolete.com\\\/murvi\\\/actualidad\\\/ssi-recortes-50-finales-julio-quienes-deben-al-ssa\\\/#primaryimage\"},\"thumbnailUrl\":\"https:\\\/\\\/futbolete.com\\\/murvi\\\/wp-content\\\/uploads\\\/2025\\\/07\\\/Recortes-del-SSI-para-algunos-beneficiarios.jpg\",\"keywords\":[\"SSI\"],\"articleSection\":[\"Actualidad\"],\"inLanguage\":\"es\"},{\"@type\":\"WebPage\",\"@id\":\"https:\\\/\\\/futbolete.com\\\/murvi\\\/actualidad\\\/ssi-recortes-50-finales-julio-quienes-deben-al-ssa\\\/\",\"url\":\"https:\\\/\\\/futbolete.com\\\/murvi\\\/actualidad\\\/ssi-recortes-50-finales-julio-quienes-deben-al-ssa\\\/\",\"name\":\"SSI: recortes del 50% desde finales de julio para quienes deben al SSA\",\"isPartOf\":{\"@id\":\"https:\\\/\\\/futbolete.com\\\/murvi\\\/#website\"},\"primaryImageOfPage\":{\"@id\":\"https:\\\/\\\/futbolete.com\\\/murvi\\\/actualidad\\\/ssi-recortes-50-finales-julio-quienes-deben-al-ssa\\\/#primaryimage\"},\"image\":{\"@id\":\"https:\\\/\\\/futbolete.com\\\/murvi\\\/actualidad\\\/ssi-recortes-50-finales-julio-quienes-deben-al-ssa\\\/#primaryimage\"},\"thumbnailUrl\":\"https:\\\/\\\/futbolete.com\\\/murvi\\\/wp-content\\\/uploads\\\/2025\\\/07\\\/Recortes-del-SSI-para-algunos-beneficiarios.jpg\",\"datePublished\":\"2025-07-23T12:26:50+00:00\",\"breadcrumb\":{\"@id\":\"https:\\\/\\\/futbolete.com\\\/murvi\\\/actualidad\\\/ssi-recortes-50-finales-julio-quienes-deben-al-ssa\\\/#breadcrumb\"},\"inLanguage\":\"es\",\"potentialAction\":[{\"@type\":\"ReadAction\",\"target\":[\"https:\\\/\\\/futbolete.com\\\/murvi\\\/actualidad\\\/ssi-recortes-50-finales-julio-quienes-deben-al-ssa\\\/\"]}]},{\"@type\":\"ImageObject\",\"inLanguage\":\"es\",\"@id\":\"https:\\\/\\\/futbolete.com\\\/murvi\\\/actualidad\\\/ssi-recortes-50-finales-julio-quienes-deben-al-ssa\\\/#primaryimage\",\"url\":\"https:\\\/\\\/futbolete.com\\\/murvi\\\/wp-content\\\/uploads\\\/2025\\\/07\\\/Recortes-del-SSI-para-algunos-beneficiarios.jpg\",\"contentUrl\":\"https:\\\/\\\/futbolete.com\\\/murvi\\\/wp-content\\\/uploads\\\/2025\\\/07\\\/Recortes-del-SSI-para-algunos-beneficiarios.jpg\",\"width\":1280,\"height\":720,\"caption\":\"Recortes del SSI para algunos beneficiarios\"},{\"@type\":\"BreadcrumbList\",\"@id\":\"https:\\\/\\\/futbolete.com\\\/murvi\\\/actualidad\\\/ssi-recortes-50-finales-julio-quienes-deben-al-ssa\\\/#breadcrumb\",\"itemListElement\":[{\"@type\":\"ListItem\",\"position\":1,\"name\":\"Portada\",\"item\":\"https:\\\/\\\/futbolete.com\\\/murvi\\\/\"},{\"@type\":\"ListItem\",\"position\":2,\"name\":\"SSI: recortes del 50% desde finales de julio para quienes deben al SSA\"}]},{\"@type\":\"WebSite\",\"@id\":\"https:\\\/\\\/futbolete.com\\\/murvi\\\/#website\",\"url\":\"https:\\\/\\\/futbolete.com\\\/murvi\\\/\",\"name\":\"Futbolete\",\"description\":\"\",\"publisher\":{\"@id\":\"https:\\\/\\\/futbolete.com\\\/murvi\\\/#organization\"},\"alternateName\":\"MURVI\",\"potentialAction\":[{\"@type\":\"SearchAction\",\"target\":{\"@type\":\"EntryPoint\",\"urlTemplate\":\"https:\\\/\\\/futbolete.com\\\/murvi\\\/?s={search_term_string}\"},\"query-input\":{\"@type\":\"PropertyValueSpecification\",\"valueRequired\":true,\"valueName\":\"search_term_string\"}}],\"inLanguage\":\"es\"},{\"@type\":\"Organization\",\"@id\":\"https:\\\/\\\/futbolete.com\\\/murvi\\\/#organization\",\"name\":\"Futbolete\",\"url\":\"https:\\\/\\\/futbolete.com\\\/murvi\\\/\",\"logo\":{\"@type\":\"ImageObject\",\"inLanguage\":\"es\",\"@id\":\"https:\\\/\\\/futbolete.com\\\/murvi\\\/#\\\/schema\\\/logo\\\/image\\\/\",\"url\":\"https:\\\/\\\/futbolete.com\\\/murvi\\\/wp-content\\\/uploads\\\/2024\\\/10\\\/FAVICON-1-1.png\",\"contentUrl\":\"https:\\\/\\\/futbolete.com\\\/murvi\\\/wp-content\\\/uploads\\\/2024\\\/10\\\/FAVICON-1-1.png\",\"width\":512,\"height\":512,\"caption\":\"Futbolete\"},\"image\":{\"@id\":\"https:\\\/\\\/futbolete.com\\\/murvi\\\/#\\\/schema\\\/logo\\\/image\\\/\"},\"sameAs\":[\"https:\\\/\\\/www.facebook.com\\\/futbolete\\\/\"]},{\"@type\":\"Person\",\"@id\":\"https:\\\/\\\/futbolete.com\\\/murvi\\\/#\\\/schema\\\/person\\\/02553c505978e0f13c2e4f39862b7199\",\"name\":\"Nvindi\",\"description\":\"Licenciado en Ciencias de la Comunicaci\u00f3n UPV 1998 - Periodista, redactor de contenidos desde 2008. Especializado en temas como econom\u00eda, hogar, seguros, fiscalidad y tendencias. He colaborado en redes de blogs como FinancialRed, Bolsaman\u00eda, Bolsa24, SinComisiones, entre muchos otros. Toda esta experiencia a lo largo de los a\u00f1os hablando de la actividad financiera me convierte en una persona con grandes conocimientos en temas de finanzas personales que el usuario de a pie busca como seguridad social, fiscalidad, hacienda y noticias de consumo.\",\"sameAs\":[\"https:\\\/\\\/x.com\\\/fran@tododisca.com\"],\"url\":\"https:\\\/\\\/futbolete.com\\\/murvi\\\/author\\\/nvindi\\\/\"}]}<\/script>\n<!-- \/ Yoast SEO Premium plugin. -->","yoast_head_json":{"title":"SSI: recortes del 50% desde finales de julio para quienes deben al SSA","robots":{"index":"index","follow":"follow","max-snippet":"max-snippet:-1","max-image-preview":"max-image-preview:large","max-video-preview":"max-video-preview:-1"},"canonical":"https:\/\/futbolete.com\/murvi\/actualidad\/ssi-recortes-50-finales-julio-quienes-deben-al-ssa\/","og_locale":"es_ES","og_type":"article","og_title":"SSI: recortes del 50% desde finales de julio para quienes deben al SSA","og_description":"A partir del 24 de julio de 2025, la Administraci\u00f3n del Seguro Social (SSA) empezar\u00e1 a aplicar recortes autom\u00e1ticos de hasta el 50% sobre los pagos del SSI de quienes recibieron m\u00e1s dinero del que les correspond\u00eda y no hayan saldado su deuda o acordado un plan de pago. Si est\u00e1s entre los beneficiarios del [&hellip;]","og_url":"https:\/\/futbolete.com\/murvi\/actualidad\/ssi-recortes-50-finales-julio-quienes-deben-al-ssa\/","og_site_name":"MURVI","article_publisher":"https:\/\/www.facebook.com\/futbolete\/","article_published_time":"2025-07-23T12:26:50+00:00","og_image":[{"width":1280,"height":720,"url":"https:\/\/futbolete.com\/murvi\/wp-content\/uploads\/2025\/07\/Recortes-del-SSI-para-algunos-beneficiarios.jpg","type":"image\/jpeg"}],"author":"Nvindi","twitter_card":"summary_large_image","twitter_creator":"@fran@tododisca.com","twitter_misc":{"Escrito por":"Nvindi","Tiempo de lectura":"3 minutos"},"schema":{"@context":"https:\/\/schema.org","@graph":[{"@type":"NewsArticle","@id":"https:\/\/futbolete.com\/murvi\/actualidad\/ssi-recortes-50-finales-julio-quienes-deben-al-ssa\/#article","isPartOf":{"@id":"https:\/\/futbolete.com\/murvi\/actualidad\/ssi-recortes-50-finales-julio-quienes-deben-al-ssa\/"},"author":{"name":"Nvindi","@id":"https:\/\/futbolete.com\/murvi\/#\/schema\/person\/02553c505978e0f13c2e4f39862b7199"},"headline":"SSI: recortes del 50% desde finales de julio para quienes deben al SSA","datePublished":"2025-07-23T12:26:50+00:00","mainEntityOfPage":{"@id":"https:\/\/futbolete.com\/murvi\/actualidad\/ssi-recortes-50-finales-julio-quienes-deben-al-ssa\/"},"wordCount":578,"publisher":{"@id":"https:\/\/futbolete.com\/murvi\/#organization"},"image":{"@id":"https:\/\/futbolete.com\/murvi\/actualidad\/ssi-recortes-50-finales-julio-quienes-deben-al-ssa\/#primaryimage"},"thumbnailUrl":"https:\/\/futbolete.com\/murvi\/wp-content\/uploads\/2025\/07\/Recortes-del-SSI-para-algunos-beneficiarios.jpg","keywords":["SSI"],"articleSection":["Actualidad"],"inLanguage":"es"},{"@type":"WebPage","@id":"https:\/\/futbolete.com\/murvi\/actualidad\/ssi-recortes-50-finales-julio-quienes-deben-al-ssa\/","url":"https:\/\/futbolete.com\/murvi\/actualidad\/ssi-recortes-50-finales-julio-quienes-deben-al-ssa\/","name":"SSI: recortes del 50% desde finales de julio para quienes deben al SSA","isPartOf":{"@id":"https:\/\/futbolete.com\/murvi\/#website"},"primaryImageOfPage":{"@id":"https:\/\/futbolete.com\/murvi\/actualidad\/ssi-recortes-50-finales-julio-quienes-deben-al-ssa\/#primaryimage"},"image":{"@id":"https:\/\/futbolete.com\/murvi\/actualidad\/ssi-recortes-50-finales-julio-quienes-deben-al-ssa\/#primaryimage"},"thumbnailUrl":"https:\/\/futbolete.com\/murvi\/wp-content\/uploads\/2025\/07\/Recortes-del-SSI-para-algunos-beneficiarios.jpg","datePublished":"2025-07-23T12:26:50+00:00","breadcrumb":{"@id":"https:\/\/futbolete.com\/murvi\/actualidad\/ssi-recortes-50-finales-julio-quienes-deben-al-ssa\/#breadcrumb"},"inLanguage":"es","potentialAction":[{"@type":"ReadAction","target":["https:\/\/futbolete.com\/murvi\/actualidad\/ssi-recortes-50-finales-julio-quienes-deben-al-ssa\/"]}]},{"@type":"ImageObject","inLanguage":"es","@id":"https:\/\/futbolete.com\/murvi\/actualidad\/ssi-recortes-50-finales-julio-quienes-deben-al-ssa\/#primaryimage","url":"https:\/\/futbolete.com\/murvi\/wp-content\/uploads\/2025\/07\/Recortes-del-SSI-para-algunos-beneficiarios.jpg","contentUrl":"https:\/\/futbolete.com\/murvi\/wp-content\/uploads\/2025\/07\/Recortes-del-SSI-para-algunos-beneficiarios.jpg","width":1280,"height":720,"caption":"Recortes del SSI para algunos beneficiarios"},{"@type":"BreadcrumbList","@id":"https:\/\/futbolete.com\/murvi\/actualidad\/ssi-recortes-50-finales-julio-quienes-deben-al-ssa\/#breadcrumb","itemListElement":[{"@type":"ListItem","position":1,"name":"Portada","item":"https:\/\/futbolete.com\/murvi\/"},{"@type":"ListItem","position":2,"name":"SSI: recortes del 50% desde finales de julio para quienes deben al SSA"}]},{"@type":"WebSite","@id":"https:\/\/futbolete.com\/murvi\/#website","url":"https:\/\/futbolete.com\/murvi\/","name":"Futbolete","description":"","publisher":{"@id":"https:\/\/futbolete.com\/murvi\/#organization"},"alternateName":"MURVI","potentialAction":[{"@type":"SearchAction","target":{"@type":"EntryPoint","urlTemplate":"https:\/\/futbolete.com\/murvi\/?s={search_term_string}"},"query-input":{"@type":"PropertyValueSpecification","valueRequired":true,"valueName":"search_term_string"}}],"inLanguage":"es"},{"@type":"Organization","@id":"https:\/\/futbolete.com\/murvi\/#organization","name":"Futbolete","url":"https:\/\/futbolete.com\/murvi\/","logo":{"@type":"ImageObject","inLanguage":"es","@id":"https:\/\/futbolete.com\/murvi\/#\/schema\/logo\/image\/","url":"https:\/\/futbolete.com\/murvi\/wp-content\/uploads\/2024\/10\/FAVICON-1-1.png","contentUrl":"https:\/\/futbolete.com\/murvi\/wp-content\/uploads\/2024\/10\/FAVICON-1-1.png","width":512,"height":512,"caption":"Futbolete"},"image":{"@id":"https:\/\/futbolete.com\/murvi\/#\/schema\/logo\/image\/"},"sameAs":["https:\/\/www.facebook.com\/futbolete\/"]},{"@type":"Person","@id":"https:\/\/futbolete.com\/murvi\/#\/schema\/person\/02553c505978e0f13c2e4f39862b7199","name":"Nvindi","description":"Licenciado en Ciencias de la Comunicaci\u00f3n UPV 1998 - Periodista, redactor de contenidos desde 2008. Especializado en temas como econom\u00eda, hogar, seguros, fiscalidad y tendencias. He colaborado en redes de blogs como FinancialRed, Bolsaman\u00eda, Bolsa24, SinComisiones, entre muchos otros. Toda esta experiencia a lo largo de los a\u00f1os hablando de la actividad financiera me convierte en una persona con grandes conocimientos en temas de finanzas personales que el usuario de a pie busca como seguridad social, fiscalidad, hacienda y noticias de consumo.","sameAs":["https:\/\/x.com\/fran@tododisca.com"],"url":"https:\/\/futbolete.com\/murvi\/author\/nvindi\/"}]}},"_links":{"self":[{"href":"https:\/\/futbolete.com\/murvi\/wp-json\/wp\/v2\/posts\/8472","targetHints":{"allow":["GET"]}}],"collection":[{"href":"https:\/\/futbolete.com\/murvi\/wp-json\/wp\/v2\/posts"}],"about":[{"href":"https:\/\/futbolete.com\/murvi\/wp-json\/wp\/v2\/types\/post"}],"author":[{"embeddable":true,"href":"https:\/\/futbolete.com\/murvi\/wp-json\/wp\/v2\/users\/5"}],"replies":[{"embeddable":true,"href":"https:\/\/futbolete.com\/murvi\/wp-json\/wp\/v2\/comments?post=8472"}],"version-history":[{"count":0,"href":"https:\/\/futbolete.com\/murvi\/wp-json\/wp\/v2\/posts\/8472\/revisions"}],"wp:featuredmedia":[{"embeddable":true,"href":"https:\/\/futbolete.com\/murvi\/wp-json\/wp\/v2\/media\/8475"}],"wp:attachment":[{"href":"https:\/\/futbolete.com\/murvi\/wp-json\/wp\/v2\/media?parent=8472"}],"wp:term":[{"taxonomy":"category","embeddable":true,"href":"https:\/\/futbolete.com\/murvi\/wp-json\/wp\/v2\/categories?post=8472"},{"taxonomy":"post_tag","embeddable":true,"href":"https:\/\/futbolete.com\/murvi\/wp-json\/wp\/v2\/tags?post=8472"}],"curies":[{"name":"wp","href":"https:\/\/api.w.org\/{rel}","templated":true}]}}